{"id":1085,"date":"2019-08-28T11:56:46","date_gmt":"2019-08-28T09:56:46","guid":{"rendered":"http:\/\/lepelletier.fr\/blog\/?p=1085"},"modified":"2019-08-28T11:56:48","modified_gmt":"2019-08-28T09:56:48","slug":"jeudi-13-janvier-2011-une-seance-pas-comme-les-autres-a-latelier-couture","status":"publish","type":"post","link":"https:\/\/lepelletier.fr\/blog\/index.php\/2019\/08\/28\/jeudi-13-janvier-2011-une-seance-pas-comme-les-autres-a-latelier-couture\/","title":{"rendered":"Jeudi 13 Janvier 2011: Une s\u00e9ance pas comme les autres \u00e0 l&rsquo;atelier couture\u2026"},"content":{"rendered":"\n<p>8h, comme chaque jeudi je me rends \u00e0 l\u2019atelier couture, malheureusement aujourd\u2019hui Mme L\u00e9a n\u2019est pas en forme et va devoir rentrer chez elle. Gentiment elle me montre le programme du cours&nbsp;: \u00ab&nbsp; pr\u00e9paration d\u2019un gabarit de chemisier pour un enfant de 12 ans&nbsp;\u00bb. Beau programme&nbsp;! sauf qu\u2019en France, on utilise des patrons \u00ab&nbsp;tout faits&nbsp;\u00bb \u2026<\/p>\n\n\n\n<p>Par chance (pour moi ) mardi, les \u00e9l\u00e8ves de 2<sup>\u00e8me<\/sup> ann\u00e9e ont d\u00fb corriger leur \u00e9preuve du 1<sup>er<\/sup> trimestre concernant la r\u00e9alisation d\u2019un gabarit et, en bon prof de maths, j\u2019ai d\u00fb reprendre avec elles l\u2019organisation des calculs &#8211; ouf&nbsp;! voil\u00e0 une premi\u00e8re mise en situation. <\/p>\n\n\n\n<figure class=\"wp-block-image\"><img decoding=\"async\" src=\"http:\/\/mada-lepelletier.hautetfort.com\/media\/02\/01\/2318741466.jpg\" alt=\"P1000930.jpg\"\/><\/figure>\n\n\n\n<p>Qu\u2019\u00e0 cela ne tienne, me voici donc \u00ab&nbsp;s\u00fbre de moi&nbsp;\u00bb (oh la la\u2026&nbsp;!!!) devant les \u00e9l\u00e8ves et le tableau en train de recopier les formules de calculs pioch\u00e9es dans un cahier et de donner (non&nbsp;! d\u2019essayer de me faire comprendre, pour donner..) les consignes de travail. Les \u00e9l\u00e8ves sont tr\u00e8s sympas et essayent d\u2019appliquer mes consignes mais je m\u2019aper\u00e7ois bien vite que pour un certain nombre d\u2019entre elles, la difficult\u00e9 n\u2019est pas l\u2019organisation et la pr\u00e9sentation des calculs mais surtout les calculs eux-m\u00eames (en effet, certaines ont \u00e0 peine un niveau CM1) . Et l\u00e0, je ressors ma panoplie de prof de maths&nbsp;: en route pour les tables de multiplications, les divisions et les soustractions avec des d\u00e9cimaux.<\/p>\n\n\n\n<p>Rassurez-vous la matin\u00e9e s\u2019est bien pass\u00e9e, j\u2019en suis sortie enti\u00e8re\u2026&nbsp;: elles ont r\u00e9vis\u00e9 les op\u00e9rations et moi, j\u2019ai un peu compris comment fabriquer un patron&nbsp;!!! <\/p>\n\n\n\n<figure class=\"wp-block-image\"><img decoding=\"async\" src=\"http:\/\/mada-lepelletier.hautetfort.com\/media\/00\/01\/1301811092.JPG\" alt=\"les \u00e9l\u00e8ves \u00e0 l'exposition de No\u00ebl.JPG\"\/><\/figure>\n\n\n\n<p>les \u00e9l\u00e8ves de l&rsquo;atelier couture<\/p>\n","protected":false},"excerpt":{"rendered":"<p>8h, comme chaque jeudi je me rends \u00e0 l\u2019atelier couture, malheureusement aujourd\u2019hui Mme L\u00e9a n\u2019est pas en forme et va devoir rentrer chez elle. Gentiment elle me montre le programme du cours&nbsp;: \u00ab&nbsp; pr\u00e9paration d\u2019un gabarit de chemisier pour un&hellip; <\/p>\n","protected":false},"author":1,"featured_media":0,"comment_status":"open","ping_status":"open","sticky":false,"template":"","format":"standard","meta":{"footnotes":""},"categories":[5,3],"tags":[],"class_list":["post-1085","post","type-post","status-publish","format-standard","hentry","category-5","category-notre-travail"],"_links":{"self":[{"href":"https:\/\/lepelletier.fr\/blog\/index.php\/wp-json\/wp\/v2\/posts\/1085","targetHints":{"allow":["GET"]}}],"collection":[{"href":"https:\/\/lepelletier.fr\/blog\/index.php\/wp-json\/wp\/v2\/posts"}],"about":[{"href":"https:\/\/lepelletier.fr\/blog\/index.php\/wp-json\/wp\/v2\/types\/post"}],"author":[{"embeddable":true,"href":"https:\/\/lepelletier.fr\/blog\/index.php\/wp-json\/wp\/v2\/users\/1"}],"replies":[{"embeddable":true,"href":"https:\/\/lepelletier.fr\/blog\/index.php\/wp-json\/wp\/v2\/comments?post=1085"}],"version-history":[{"count":1,"href":"https:\/\/lepelletier.fr\/blog\/index.php\/wp-json\/wp\/v2\/posts\/1085\/revisions"}],"predecessor-version":[{"id":1086,"href":"https:\/\/lepelletier.fr\/blog\/index.php\/wp-json\/wp\/v2\/posts\/1085\/revisions\/1086"}],"wp:attachment":[{"href":"https:\/\/lepelletier.fr\/blog\/index.php\/wp-json\/wp\/v2\/media?parent=1085"}],"wp:term":[{"taxonomy":"category","embeddable":true,"href":"https:\/\/lepelletier.fr\/blog\/index.php\/wp-json\/wp\/v2\/categories?post=1085"},{"taxonomy":"post_tag","embeddable":true,"href":"https:\/\/lepelletier.fr\/blog\/index.php\/wp-json\/wp\/v2\/tags?post=1085"}],"curies":[{"name":"wp","href":"https:\/\/api.w.org\/{rel}","templated":true}]}}