{"id":1123,"date":"2019-08-29T12:24:50","date_gmt":"2019-08-29T10:24:50","guid":{"rendered":"http:\/\/lepelletier.fr\/blog\/?p=1123"},"modified":"2019-08-29T12:24:52","modified_gmt":"2019-08-29T10:24:52","slug":"2011-des-moments-damitie-des-moments-de-coleres","status":"publish","type":"post","link":"https:\/\/lepelletier.fr\/blog\/index.php\/2019\/08\/29\/2011-des-moments-damitie-des-moments-de-coleres\/","title":{"rendered":"2011 Des moments d&rsquo;amiti\u00e9 &#8211; Des moments de col\u00e8res"},"content":{"rendered":"\n<p>Le 4 juillet 2011<\/p>\n\n\n\n<p> Semaine du 14 au 18 juin: Cette semaine a \u00e9t\u00e9 riche en \u00e9v\u00e9nements que nous avons v\u00e9cus de fa\u00e7ons tr\u00e8s vari\u00e9es.<\/p>\n\n\n\n<figure class=\"wp-block-image\"><img decoding=\"async\" src=\"http:\/\/mada-lepelletier.hautetfort.com\/media\/02\/00\/1130751112.jpg\" alt=\"Image1.jpg\"\/><\/figure>\n\n\n\n<p>Samedi, les \u00ab&nbsp;anciens \u00e9l\u00e8ves&nbsp;\u00bb du cours d&rsquo;informatique nous ont invit\u00e9s pour remercier de ces s\u00e9ances qu&rsquo;ils ont suivies assidument \u2013 c&rsquo;est surtout Jacques qui \u00e9tait vraiment concern\u00e9 puisque je n&rsquo;ai pas particip\u00e9 \u00e0 ces cours, mais ils ont tenu absolument m&rsquo;associer \u00e0 ces remerciements et ont organis\u00e9 cette petite f\u00eate en fonction de nos 2 disponibilit\u00e9s, tant pis si eux, n&rsquo;\u00e9taient pas tous pr\u00e9sents. <\/p>\n\n\n\n<p>De fa\u00e7on g\u00e9n\u00e9rale, nous pouvons remarquer que m\u00eame si nous avons des activit\u00e9s s\u00e9par\u00e9es voire m\u00eame tr\u00e8s ind\u00e9pendantes l&rsquo;un de l&rsquo;autre, lors d&rsquo;invitations pour des remerciements, nous sommes toujours associ\u00e9s et nous avons droit chacun, \u00e0 notre cadeau. A chaque fois, cette intention nous touche beaucoup <\/p>\n\n\n\n<figure class=\"wp-block-image\"><img decoding=\"async\" src=\"http:\/\/mada-lepelletier.hautetfort.com\/media\/00\/02\/2095266328.jpg\" alt=\"Image1-b.jpg\"\/><\/figure>\n\n\n\n<p>Mardi, suite \u00e0 une information parvenue de l&rsquo;association Alliances Missions M\u00e9dicales, je suis all\u00e9e avec le Dr Olivier et Jeannine (qui nous aide dans notre association ELF) visiter une famille. Mais ce n&rsquo;\u00e9tait pas une visite \u00ab&nbsp;classique&nbsp;\u00bb car Mme Lala et sa petite famille ( 4 enfants de 10 ans \u00e0 18 mois) ne vit pas dans une maison m\u00eame tr\u00e8s petite ou en tr\u00e8s mauvais \u00e9tat (celles-l\u00e0, j&rsquo;en ai d\u00e9j\u00e0 vues ..) mais tout simplement sous le balcon d&rsquo;un restaurant. Les voir ainsi, tous les 5 dans cette situation, nous a fait toucher du doigt la Grande Pauvret\u00e9. Ce fut d\u00e9j\u00e0 un choc pour nous tous mais ce qui m&rsquo;a mis en col\u00e8re, c&rsquo;est le r\u00e9cit que Mme Lala a fait de sa vie :<\/p>\n\n\n\n<figure class=\"wp-block-image\"><img decoding=\"async\" src=\"http:\/\/mada-lepelletier.hautetfort.com\/media\/01\/02\/80059992.jpg\" alt=\"Image2.jpg\"\/><\/figure>\n\n\n\n<p>N\u00e9e \u00e0 Ambositra , ville situ\u00e9e \u00e0 150 km au nord de Fianarantsoa, elle s&rsquo;y est mari\u00e9e, a eu ses 2 filles et malheureusement, son mari est d\u00e9c\u00e9d\u00e9. Avec un nouveau compagnon, elle a eu un petit gar\u00e7on et tandis qu&rsquo;elle \u00e9tait enceinte du 2\u00e8me gar\u00e7on, la petite famille est venue ici \u00e0 Fianar pour accompagner le papa qui tr\u00e8s vite, a \u00ab&nbsp;laiss\u00e9 tomber&nbsp;\u00bb toute cette petite famille. <\/p>\n\n\n\n<p>Cette attitude de non-responsabilit\u00e9 de la part des hommes n&rsquo;est malheureusement pas rare et il est <strong>important qu&rsquo;un r\u00e9el travail \u00e9ducatif soit fait aupr\u00e8s des jeunes <\/strong>pour stopper ce ph\u00e9nom\u00e8ne inqui\u00e9tant: m\u00e8re c\u00e9libataire, personnes se disant n\u00e9es de p\u00e8re inconnu , &#8211; nous en rencontrons tr\u00e8s souvent.<\/p>\n\n\n\n<figure class=\"wp-block-image\"><img decoding=\"async\" src=\"http:\/\/mada-lepelletier.hautetfort.com\/media\/01\/01\/967161832.jpg\" alt=\"Image3.jpg\"\/><\/figure>\n\n\n\n<p>Malheureusement, un 2\u00e8me et double \u00ab&nbsp;coup de col\u00e8re&nbsp;\u00bb m&rsquo;attendait&#8230; <\/p>\n\n\n\n<p>Mme Alphonsine, une institutrice que je rencontre dans un groupe de travail, me dit son inqui\u00e9tude: une jeune \u00e9l\u00e8ve (classe de 8\u00e8me = CM1) ne pourra pas faire l&rsquo;examen de passage car le paiement des \u00e9colages (frais de scolarit\u00e9) accuse du retard \u2013 elle est pourtant une \u00e9l\u00e8ve tr\u00e8s s\u00e9rieuse qui arrive avec sa s\u0153ur (en 6\u00e8me) \u00e0 7h le matin pour faire ses devoirs (elles n&rsquo;ont pas la possibilit\u00e9 de le faire \u00e0 la maison).<\/p>\n\n\n\n<p>En fait la Maman est hospitalis\u00e9e depuis 2 mois pour des probl\u00e8mes pulmonaires. Le Papa est \u00ab&nbsp;parti chercher du travail&nbsp;\u00bb dans une autre ville (\u2026!) mais depuis plusieurs mois, il n&rsquo;a pas donn\u00e9 de nouvelles ni envoy\u00e9 d&rsquo;argent. <\/p>\n\n\n\n<p> L&rsquo;origine de cette gal\u00e8re est une d\u00e9cision municipale: \u00ab&nbsp;d\u00e9molition des boutiques en bois&nbsp;\u00bb Le papa \u00e9tait boucher depuis plus de 13 ans mais il n&rsquo;a pas eu les moyens d&rsquo;acheter un terrain pour construire une nouvelle boutique \u00ab&nbsp;en dur&nbsp;\u00bb. Bilan: la famille a \u00e9t\u00e9 oblig\u00e9e de d\u00e9m\u00e9nager, ils vivent maintenant dans une pi\u00e8ce (\u00e0 7 pers) les 3 fils ain\u00e9s ont d\u00fb arr\u00eater leurs \u00e9tudes les parents n&rsquo;ayant pu payer les droits d&rsquo;inscription. Deux des trois filles ont profit\u00e9 de l&rsquo;aide d&rsquo;une association pour \u00eatre scolaris\u00e9e mais l&rsquo;aide ne suffit pas pour payer tous les \u00e9colages et l\u00e0, on se retrouve devant des religieuses qui ne peuvent (ne veulent \u2026?) discuter et interdisent aux enfants des retardataires de finir leur ann\u00e9e scolaire. Depuis l&rsquo;hospitalisation de la maman, c&rsquo;est le fils ain\u00e9 \u00e2g\u00e9 de 16ans1\/2 qui vient de trouver un petit travail chez un boucher qui nourrit ses fr\u00e8res et s\u0153urs&#8230;.. <\/p>\n\n\n\n<p>Mercredi 22, ce texte n&rsquo;est pas encore sur le blog aussi je tiens \u00e0 y ajouter \u00ab&nbsp;notre moment de bonheur&nbsp;\u00bb de la journ\u00e9e:<\/p>\n\n\n\n<p> Jeannine a eu connaissance d&rsquo;un logement libre et ce midi nous avons pu emmener Lala et ses enfants dans une vraie maison. Ce soir, nous lui avons achet\u00e9 le minimum n\u00e9cessaire pour s&rsquo;installer et vivre un peu plus d\u00e9cemment. <\/p>\n\n\n\n<figure class=\"wp-block-image\"><img decoding=\"async\" src=\"http:\/\/mada-lepelletier.hautetfort.com\/media\/00\/01\/2340776952.jpg\" alt=\"Image4.jpg\"\/><\/figure>\n","protected":false},"excerpt":{"rendered":"<p>Le 4 juillet 2011 Semaine du 14 au 18 juin: Cette semaine a \u00e9t\u00e9 riche en \u00e9v\u00e9nements que nous avons v\u00e9cus de fa\u00e7ons tr\u00e8s vari\u00e9es. Samedi, les \u00ab&nbsp;anciens \u00e9l\u00e8ves&nbsp;\u00bb du cours d&rsquo;informatique nous ont invit\u00e9s pour remercier de ces s\u00e9ances&hellip; <\/p>\n","protected":false},"author":1,"featured_media":0,"comment_status":"open","ping_status":"open","sticky":false,"template":"","format":"standard","meta":{"footnotes":""},"categories":[5,3],"tags":[],"class_list":["post-1123","post","type-post","status-publish","format-standard","hentry","category-5","category-notre-travail"],"_links":{"self":[{"href":"https:\/\/lepelletier.fr\/blog\/index.php\/wp-json\/wp\/v2\/posts\/1123","targetHints":{"allow":["GET"]}}],"collection":[{"href":"https:\/\/lepelletier.fr\/blog\/index.php\/wp-json\/wp\/v2\/posts"}],"about":[{"href":"https:\/\/lepelletier.fr\/blog\/index.php\/wp-json\/wp\/v2\/types\/post"}],"author":[{"embeddable":true,"href":"https:\/\/lepelletier.fr\/blog\/index.php\/wp-json\/wp\/v2\/users\/1"}],"replies":[{"embeddable":true,"href":"https:\/\/lepelletier.fr\/blog\/index.php\/wp-json\/wp\/v2\/comments?post=1123"}],"version-history":[{"count":1,"href":"https:\/\/lepelletier.fr\/blog\/index.php\/wp-json\/wp\/v2\/posts\/1123\/revisions"}],"predecessor-version":[{"id":1124,"href":"https:\/\/lepelletier.fr\/blog\/index.php\/wp-json\/wp\/v2\/posts\/1123\/revisions\/1124"}],"wp:attachment":[{"href":"https:\/\/lepelletier.fr\/blog\/index.php\/wp-json\/wp\/v2\/media?parent=1123"}],"wp:term":[{"taxonomy":"category","embeddable":true,"href":"https:\/\/lepelletier.fr\/blog\/index.php\/wp-json\/wp\/v2\/categories?post=1123"},{"taxonomy":"post_tag","embeddable":true,"href":"https:\/\/lepelletier.fr\/blog\/index.php\/wp-json\/wp\/v2\/tags?post=1123"}],"curies":[{"name":"wp","href":"https:\/\/api.w.org\/{rel}","templated":true}]}}