{"id":1133,"date":"2019-08-29T12:32:56","date_gmt":"2019-08-29T10:32:56","guid":{"rendered":"http:\/\/lepelletier.fr\/blog\/?p=1133"},"modified":"2019-08-29T12:32:57","modified_gmt":"2019-08-29T10:32:57","slug":"2011-notre-veloma-de-fianarantsoa-notre-kabary","status":"publish","type":"post","link":"https:\/\/lepelletier.fr\/blog\/index.php\/2019\/08\/29\/2011-notre-veloma-de-fianarantsoa-notre-kabary\/","title":{"rendered":"2011 Notre VELOMA de Fianarantsoa &#8211; notre Kabary"},"content":{"rendered":"\n<figure class=\"wp-block-image\"><img decoding=\"async\" src=\"http:\/\/mada-lepelletier.hautetfort.com\/media\/02\/02\/2980612038.JPG\" alt=\"P1070220.JPG\"\/><\/figure>\n\n\n\n<p><em>ala sarona (introduction)<\/em><\/p>\n\n\n\n<p>Tout d&rsquo;abord Je vous remercie de me donner la parole et je m&rsquo;excuse de m&rsquo;exprimer en Fran\u00e7ais, n&rsquo;\u00e9tant pas encore un familier de la langue malgache, ni du kabary.<br><br><\/p>\n\n\n\n<p><em>salutations<\/em><\/p>\n\n\n\n<p>Je remercie Dieu de me permettre d&rsquo;\u00eatre parmi vous ce soir et de nous avoir permis de vivre cette ann\u00e9e ici \u00e0 Fianarantsoa. Je salue tous les membres de la grande famille du CDS et en particulier, P\u00e8re Zocco, les honorables docteurs et tous les membres du corps m\u00e9dical ici pr\u00e9sents. Je n&rsquo;oublie pas non plus le personnel administratif et celui de la pharmacie , auxquels j&rsquo;ajoute les personnes charg\u00e9es de l&rsquo;entretien et du gardiennage. J&rsquo;aurai une mention particuli\u00e8re pour Jeannot, pr\u00e9sident du comit\u00e9 du personnel, \u00e9galement pour P\u00e8re Marius et Tsiory, J\u00e9r\u00e9my et Nicolas, mes complices de travail de cette ann\u00e9e.<\/p>\n\n\n\n<p>Dans ce qui suit je m&rsquo;exprimerai au nom de Claudie et de moi m\u00eame, car nous avons voulu vivre ensemble cette exp\u00e9rience \u00e0 Madagascar.<\/p>\n\n\n\n<p>&nbsp;Pendant un an nous avons eu le plaisir de vivre parmi vous \u00e0 Fianarantsoa.<\/p>\n\n\n\n<p>&nbsp;Nous tenons \u00e0 vous remercier pour l&rsquo;accueil que nous avons re\u00e7u. Vous nous avez permis de d\u00e9couvrir : cette ville, ses habitants et sa magnifique campagne environnante.<\/p>\n\n\n\n<p>&nbsp;Dans le cadre de nos activit\u00e9s : au CDS, dans les congr\u00e9gations religieuses ou les \u00e9tablissements scolaires, nous avons rencontr\u00e9 beaucoup de personnes dont certaines sont devenues des amis.<\/p>\n\n\n\n<p>&nbsp;Nous avons pu constater les conditions difficiles, voire tr\u00e8s difficiles de certaines familles, mais nous avons pu aussi admirer le courage qui permet \u00e0 certains d&rsquo;affronter leurs difficult\u00e9s. Ce qui restera surtout grav\u00e9 dans nos esprits, ce sont les magnifiques visages des enfants et de tous ceux qui, malgr\u00e9 leurs difficult\u00e9s, sourient et qui nous enseignent que malgr\u00e9 tout :\u00a0\u00bbc&rsquo;est beau la vie\u00a0\u00bb.<\/p>\n\n\n\n<p>&nbsp;Ayant rencontr\u00e9 des hommes et des femmes, des Vahazas mais aussi des Malgaches, qui agissent pour am\u00e9liorer le sort de tous, manifestant ainsi un grand esprit de solidarit\u00e9, ils nous ont prouv\u00e9 que le FIHAVANANA n&rsquo;est pas un vain mot \u00e0 Madagascar.<\/p>\n\n\n\n<p>Nous tenons \u00e0 remercier \u00e9galement tous nos amis Malgaches de Fianarantsoa et d&rsquo;ailleurs, car nous avons rencontr\u00e9 beaucoup de personnes, au cours de nos voyages dans la grande \u00eele, qui nous ont permis de conna\u00eetre la merveilleuse g\u00e9ographie de Madagascar, la culture, l&rsquo;art ainsi que les nombreuses activit\u00e9s humaines ce pays<\/p>\n\n\n\n<p><em>citation<\/em><\/p>\n\n\n\n<p>&nbsp;Soyez certain comme le dit l&rsquo;expression fran\u00e7aise: \u00ab\u00a0loin des yeux, pr\u00e8s du coeur\u00a0\u00bb, que votre amiti\u00e9 restera grav\u00e9e dans notre esprit et notre c\u0153ur.<\/p>\n\n\n\n<p>&nbsp;Nous allons quitter avec nostalgie, le cadre de la menuiserie, le bruit des machines, le d\u00e9cor des containers rouill\u00e9s, les chants des coqs et des poules ainsi que les cris des jeux des enfants . Mais avant de vous dire \u00ab\u00a0Veloma\u00a0\u00bb, nous voulons partager avec vous les quelques mots d&rsquo;une pri\u00e8re qui a \u00e9t\u00e9 notre guide pendant toute cette ann\u00e9e :<\/p>\n\n\n\n<p>&nbsp;Seigneur,<br>Donne-moi de voir les choses \u00e0 faire<br>Sans oublier les personnes \u00e0 aimer<br>Donne-moi de voir les personnes \u00e0 aimer<br>Sans oublier les choses \u00e0 faire<br>Donne-moi de voir les vrais besoins des autres. <br>C\u2019est si difficile <br>De ne pas vouloir \u00e0 la place des autres, <br>De ne pas r\u00e9pondre \u00e0 la place des autres, <br>De ne pas d\u00e9cider \u00e0 la place des autres. <br>C\u2019est si difficile, Seigneur, <br>De ne pas prendre ses d\u00e9sirs <br>Pour les d\u00e9sirs des autres, <br>Et de comprendre les d\u00e9sirs des autres <br>Quand ils sont si diff\u00e9rents des n\u00f4tres ! <br>Seigneur, donne-moi de voir<br>ce que tu attends de moi parmi les autres<br>Enracine au plus profond de moi cette certitude:<br>On ne fait pas le bonheur des autres sans eux<br>Seigneur, apprends moi<br>A faire les choses en aimant les personnes,<br>Apprends-moi \u00e0 aimer les personnes<br>Pour ne trouver ma joie<br>Qu&rsquo;en faisant quelque chose pour elles,<br>Et qu&rsquo;un jour elles sachent<br>Que toi seul, Seigneur est l&rsquo;Amour<\/p>\n\n\n\n<p><strong>&nbsp;Pri\u00e8re compos\u00e9e par Norbert SEGARD<\/strong><\/p>\n","protected":false},"excerpt":{"rendered":"<p>ala sarona (introduction) Tout d&rsquo;abord Je vous remercie de me donner la parole et je m&rsquo;excuse de m&rsquo;exprimer en Fran\u00e7ais, n&rsquo;\u00e9tant pas encore un familier de la langue malgache, ni du kabary. salutations Je remercie Dieu de me permettre d&rsquo;\u00eatre&hellip; <\/p>\n","protected":false},"author":1,"featured_media":0,"comment_status":"open","ping_status":"open","sticky":false,"template":"","format":"standard","meta":{"footnotes":""},"categories":[5,17,3],"tags":[],"class_list":["post-1133","post","type-post","status-publish","format-standard","hentry","category-5","category-culture","category-notre-travail"],"_links":{"self":[{"href":"https:\/\/lepelletier.fr\/blog\/index.php\/wp-json\/wp\/v2\/posts\/1133","targetHints":{"allow":["GET"]}}],"collection":[{"href":"https:\/\/lepelletier.fr\/blog\/index.php\/wp-json\/wp\/v2\/posts"}],"about":[{"href":"https:\/\/lepelletier.fr\/blog\/index.php\/wp-json\/wp\/v2\/types\/post"}],"author":[{"embeddable":true,"href":"https:\/\/lepelletier.fr\/blog\/index.php\/wp-json\/wp\/v2\/users\/1"}],"replies":[{"embeddable":true,"href":"https:\/\/lepelletier.fr\/blog\/index.php\/wp-json\/wp\/v2\/comments?post=1133"}],"version-history":[{"count":1,"href":"https:\/\/lepelletier.fr\/blog\/index.php\/wp-json\/wp\/v2\/posts\/1133\/revisions"}],"predecessor-version":[{"id":1134,"href":"https:\/\/lepelletier.fr\/blog\/index.php\/wp-json\/wp\/v2\/posts\/1133\/revisions\/1134"}],"wp:attachment":[{"href":"https:\/\/lepelletier.fr\/blog\/index.php\/wp-json\/wp\/v2\/media?parent=1133"}],"wp:term":[{"taxonomy":"category","embeddable":true,"href":"https:\/\/lepelletier.fr\/blog\/index.php\/wp-json\/wp\/v2\/categories?post=1133"},{"taxonomy":"post_tag","embeddable":true,"href":"https:\/\/lepelletier.fr\/blog\/index.php\/wp-json\/wp\/v2\/tags?post=1133"}],"curies":[{"name":"wp","href":"https:\/\/api.w.org\/{rel}","templated":true}]}}