{"id":1143,"date":"2019-08-29T15:49:29","date_gmt":"2019-08-29T13:49:29","guid":{"rendered":"http:\/\/lepelletier.fr\/blog\/?p=1143"},"modified":"2019-08-29T15:49:30","modified_gmt":"2019-08-29T13:49:30","slug":"2012-en-route-pour-un-nouveau-sejour-a-fianarantsoa","status":"publish","type":"post","link":"https:\/\/lepelletier.fr\/blog\/index.php\/2019\/08\/29\/2012-en-route-pour-un-nouveau-sejour-a-fianarantsoa\/","title":{"rendered":"2012 En route pour un nouveau s\u00e9jour \u00e0 FIANARANTSOA"},"content":{"rendered":"\n<figure class=\"wp-block-image\"><img decoding=\"async\" src=\"http:\/\/mada-lepelletier.hautetfort.com\/media\/02\/02\/312813092.JPG\" alt=\"Copie de Raza-otel P1080925.JPG\"\/><\/figure>\n\n\n\n<p>Notre voyage s&rsquo;est tr\u00e8s bien pass\u00e9 m\u00eame si les rapports temps\/distance parcourue ont \u00e9t\u00e9 tr\u00e8s vari\u00e9s : Paris-Lyon 2h \/ 400km ; Paris-Tana 11h \/ 10 000 km pour finir avec Tananarive-Fianarantsoa 8h \/ 400km sans compter les arr\u00eats !!!&#8230;. Voil\u00e0 ce qu&rsquo;il faut pour nous replonger directement dans l&rsquo;ambiance \u00ab\u00a0mora &#8211; mora\u00a0\u00bb et c\u2019est avec un grand plaisir que nous revoyons les paysages et les villages de cette RN 7 tant de fois parcourus l\u2019an dernier. Maholy, Mitia et Nandrianina nous attendaient \u00e0 la descente de l&rsquo;avion et nous ont amen\u00e9 directement chez eux. Pour ceux qui connaissent Fianar : le Razaotel o\u00f9 nous logeons, se trouve \u00e0 Anjoma c&rsquo;est le quartier du march\u00e9, mais rassurez-vous nous sommes dans une impasse qui donne sur la grande art\u00e8re du march\u00e9 et l&rsquo;endroit est tr\u00e8s calme; il y a m\u00eame un agr\u00e9able jardin , cela change des containers rouill\u00e9s !!! La maison ressemble autant \u00e0 une auberge de jeunesse qu&rsquo;\u00e0 une pension de famille et tous sont aux petits soins pour nous, en particulier, Herizo qui est maintenant l&rsquo;intendant et le cuisinier \u00ab\u00a0en chef\u00a0\u00bb (tu te souviens de lui, Solenne ? ). Avec une facilit\u00e9 qui nous a beaucoup surpris, nous avons bien vite retrouv\u00e9 nos rep\u00e8res, on a l&rsquo;impression d&rsquo;avoir quitt\u00e9 Fianar hier&#8230; De plus, le WE de notre arriv\u00e9e a lieu le \u00ab Veloma \u00bb (f\u00eate de d\u00e9part ) de Jeanne et de Tiphaine, ce qui nous a permis de revoir les coop\u00e9rants que nous avions connus avant notre d\u00e9part et de faire la connaissance des nouveaux. M\u00eame si le rythme n&rsquo;est pas \u00ab\u00a0speed\u00a0\u00bb comme en France, nos journ\u00e9es sont bien occup\u00e9es et le temps passe \u00e0 nouveau tr\u00e8s vite. D\u00e8s lundi, Jacques a commenc\u00e9 les cours \u00e0 l&rsquo;universit\u00e9 au rythme de 3 heures tous les matins; quant \u00e0 moi, je passe beaucoup de temps avec les personnes que nous connaissons, et qui viennent nous voir d\u00e8s qu&rsquo;elles apprennent notre retour Volontairement je n&rsquo;avais pas organis\u00e9 d&rsquo;occupations avant de partir mais, comme vous devez vous en douter, les demandes commencent \u00e0 arriver &#8230; Nous avons \u00e9videmment revu Corine et les filles, elles vont tr\u00e8s bien toutes les 3 et vous saluent bien. Prisca a eu son BEPC et rentre en 2nd, B\u00e9atrice rentre en 5\u00e8me. Corine est contente car elle travaille pour une famille qui reste 3 ans et compl\u00e8te ses journ\u00e9es pour des jeunes qui sont l\u00e0 pour 2 ans. Nous sommes impressionn\u00e9s par leur volont\u00e9 de s\u2019en sortir ; elles ont fait d\u2019importants efforts en Fran\u00e7ais, ce qui est un atout pour leur r\u00e9ussite scolaire et pour la suite.<\/p>\n\n\n\n<figure class=\"wp-block-image\"><img decoding=\"async\" src=\"http:\/\/mada-lepelletier.hautetfort.com\/media\/00\/02\/555406982.JPG\" alt=\"Copie de les filles P1090003.JPG\"\/><\/figure>\n\n\n\n<p>Les filles de Corinne avec Nandrianinale petit&nbsp; dernier de Maholy<\/p>\n\n\n\n<p>Jacques a install\u00e9 la connexion internet ici, nous essaierons Skipe prochainement. Le plus simple est de nous t\u00e9l\u00e9phoner juste avant, nous avons r\u00e9cup\u00e9r\u00e9 nos num\u00e9ros: 00 261 32 40 241 60 (J) et 00 261 34 36 728 55 (Cl). N&rsquo;oubliez pas, pour le moment nous avons 1 h de d\u00e9calage (en +) puis 2h lorsque vous changerez.<\/p>\n\n\n\n<figure class=\"wp-block-image\"><img decoding=\"async\" src=\"http:\/\/mada-lepelletier.hautetfort.com\/media\/02\/01\/218223613.JPG\" alt=\"Copie de notre chambre P1090010.JPG\"\/><\/figure>\n","protected":false},"excerpt":{"rendered":"<p>Notre voyage s&rsquo;est tr\u00e8s bien pass\u00e9 m\u00eame si les rapports temps\/distance parcourue ont \u00e9t\u00e9 tr\u00e8s vari\u00e9s : Paris-Lyon 2h \/ 400km ; Paris-Tana 11h \/ 10 000 km pour finir avec Tananarive-Fianarantsoa 8h \/ 400km sans compter les arr\u00eats !!!&#8230;.&hellip; <\/p>\n","protected":false},"author":1,"featured_media":0,"comment_status":"open","ping_status":"open","sticky":false,"template":"","format":"standard","meta":{"footnotes":""},"categories":[6,18],"tags":[],"class_list":["post-1143","post","type-post","status-publish","format-standard","hentry","category-6","category-famille-malgache"],"_links":{"self":[{"href":"https:\/\/lepelletier.fr\/blog\/index.php\/wp-json\/wp\/v2\/posts\/1143","targetHints":{"allow":["GET"]}}],"collection":[{"href":"https:\/\/lepelletier.fr\/blog\/index.php\/wp-json\/wp\/v2\/posts"}],"about":[{"href":"https:\/\/lepelletier.fr\/blog\/index.php\/wp-json\/wp\/v2\/types\/post"}],"author":[{"embeddable":true,"href":"https:\/\/lepelletier.fr\/blog\/index.php\/wp-json\/wp\/v2\/users\/1"}],"replies":[{"embeddable":true,"href":"https:\/\/lepelletier.fr\/blog\/index.php\/wp-json\/wp\/v2\/comments?post=1143"}],"version-history":[{"count":1,"href":"https:\/\/lepelletier.fr\/blog\/index.php\/wp-json\/wp\/v2\/posts\/1143\/revisions"}],"predecessor-version":[{"id":1144,"href":"https:\/\/lepelletier.fr\/blog\/index.php\/wp-json\/wp\/v2\/posts\/1143\/revisions\/1144"}],"wp:attachment":[{"href":"https:\/\/lepelletier.fr\/blog\/index.php\/wp-json\/wp\/v2\/media?parent=1143"}],"wp:term":[{"taxonomy":"category","embeddable":true,"href":"https:\/\/lepelletier.fr\/blog\/index.php\/wp-json\/wp\/v2\/categories?post=1143"},{"taxonomy":"post_tag","embeddable":true,"href":"https:\/\/lepelletier.fr\/blog\/index.php\/wp-json\/wp\/v2\/tags?post=1143"}],"curies":[{"name":"wp","href":"https:\/\/api.w.org\/{rel}","templated":true}]}}