{"id":1147,"date":"2019-08-29T15:52:39","date_gmt":"2019-08-29T13:52:39","guid":{"rendered":"http:\/\/lepelletier.fr\/blog\/?p=1147"},"modified":"2019-08-29T16:26:11","modified_gmt":"2019-08-29T14:26:11","slug":"2012-retrouvailles-avec-les-filleules-de-lassociation-entraide-lyon-fianarantsoa","status":"publish","type":"post","link":"https:\/\/lepelletier.fr\/blog\/index.php\/2019\/08\/29\/2012-retrouvailles-avec-les-filleules-de-lassociation-entraide-lyon-fianarantsoa\/","title":{"rendered":"2012 Retrouvailles avec les filleules de l\u2019association ENTRAIDE LYON-FIANARANTSOA"},"content":{"rendered":"\n<p>&nbsp;&nbsp;&nbsp;&nbsp;&nbsp;&nbsp;&nbsp;&nbsp;&nbsp;&nbsp;&nbsp; Notre retour ayant eu lieu le 22 septembre, j\u2019ai&nbsp; pu tr\u00e8s rapidement reprendre contact avec les fileulles et avec Hari. <\/p>\n\n\n\n<figure class=\"wp-block-image\"><img decoding=\"async\" src=\"http:\/\/mada-lepelletier.hautetfort.com\/media\/01\/02\/2920080148.JPG\" alt=\"ELF Copie de P1080992.JPG\"\/><\/figure>\n\n\n\n<p>&nbsp;&nbsp;&nbsp;&nbsp; Mercredi, je suis all\u00e9e saluer les Mamans qui \u00e9taient \u00e0 la C.E pour un versement important \u00e0 la veille de la rentr\u00e9e scolaire ; l\u00e0 on peut voir les \u00ab\u00a0cigales et les fourmis\u00a0\u00bb mais surtout celles qui commencent \u00e0 bien&nbsp;s&rsquo;organiser pendant les vacances et \u00e0 vraiment \u00e9conomiser en vue des frais d&rsquo;inscriptions. Cela montre bien les diff\u00e9rences de caract\u00e8res de chacune mais aussi il faut le reconna\u00eetre, le r\u00e9sultat du travail de l\u2019association. <\/p>\n\n\n\n<p>&nbsp;&nbsp;&nbsp;&nbsp; Samedi je suis all\u00e9e \u00e0 la r\u00e9union mensuelle. Comme le dit Hari, ce n\u2019est pas la r\u00e9union la plus int\u00e9ressante car une bonne partie du temps a \u00e9t\u00e9 consacr\u00e9e \u00e0 v\u00e9rifier pour les retardataires que l\u2019ann\u00e9e 2011-2012 est bien sold\u00e9e et r\u00e9cup\u00e9rer les derniers r\u00e9sultats&nbsp; &#8211; plusieurs succ\u00e8s au Bac et m\u00eame des mentions&nbsp;! vu les difficult\u00e9s de cette ann\u00e9e scolaire, c\u2019est tr\u00e8s r\u00e9jouissant .<\/p>\n\n\n\n<p>&nbsp;&nbsp;&nbsp;&nbsp; Les gr\u00e8ves dans les \u00e9coles publiques ont amen\u00e9 un important d\u00e9sordre chez les jeunes qui se sont retrouv\u00e9s \u00ab&nbsp;l\u00e2ch\u00e9s dans la nature&nbsp;\u00bb&nbsp;:&nbsp; oisivet\u00e9, d\u00e9couverte de la drogue, des grossesses en cours \u2026. Beaucoup de parents sont tr\u00e8s inquiets. Cette situation (2 adolescentes de nos filleules enceintes) a amen\u00e9 Hari \u00e0 mettre en place un projet non encore r\u00e9alis\u00e9. D\u00e9but octobre, une r\u00e9union aura donc lieu avec toutes les mamans et les jeunes de plus de 13 ans avec une m\u00e9decin, &nbsp;pour une formation sur la sexualit\u00e9 et la contraception. Cette r\u00e9union a \u00e9t\u00e9 pr\u00e9sent\u00e9e comme obligatoire mais je pense que, de toutes fa\u00e7ons, les mamans sont tr\u00e8s int\u00e9ress\u00e9es par cette proposition.&nbsp; <\/p>\n","protected":false},"excerpt":{"rendered":"<p>&nbsp;&nbsp;&nbsp;&nbsp;&nbsp;&nbsp;&nbsp;&nbsp;&nbsp;&nbsp;&nbsp; Notre retour ayant eu lieu le 22 septembre, j\u2019ai&nbsp; pu tr\u00e8s rapidement reprendre contact avec les fileulles et avec Hari. &nbsp;&nbsp;&nbsp;&nbsp; Mercredi, je suis all\u00e9e saluer les Mamans qui \u00e9taient \u00e0 la C.E pour un versement important \u00e0 la&hellip; <\/p>\n","protected":false},"author":1,"featured_media":0,"comment_status":"open","ping_status":"open","sticky":false,"template":"","format":"standard","meta":{"footnotes":""},"categories":[6,19],"tags":[],"class_list":["post-1147","post","type-post","status-publish","format-standard","hentry","category-6","category-association-elf"],"_links":{"self":[{"href":"https:\/\/lepelletier.fr\/blog\/index.php\/wp-json\/wp\/v2\/posts\/1147","targetHints":{"allow":["GET"]}}],"collection":[{"href":"https:\/\/lepelletier.fr\/blog\/index.php\/wp-json\/wp\/v2\/posts"}],"about":[{"href":"https:\/\/lepelletier.fr\/blog\/index.php\/wp-json\/wp\/v2\/types\/post"}],"author":[{"embeddable":true,"href":"https:\/\/lepelletier.fr\/blog\/index.php\/wp-json\/wp\/v2\/users\/1"}],"replies":[{"embeddable":true,"href":"https:\/\/lepelletier.fr\/blog\/index.php\/wp-json\/wp\/v2\/comments?post=1147"}],"version-history":[{"count":1,"href":"https:\/\/lepelletier.fr\/blog\/index.php\/wp-json\/wp\/v2\/posts\/1147\/revisions"}],"predecessor-version":[{"id":1148,"href":"https:\/\/lepelletier.fr\/blog\/index.php\/wp-json\/wp\/v2\/posts\/1147\/revisions\/1148"}],"wp:attachment":[{"href":"https:\/\/lepelletier.fr\/blog\/index.php\/wp-json\/wp\/v2\/media?parent=1147"}],"wp:term":[{"taxonomy":"category","embeddable":true,"href":"https:\/\/lepelletier.fr\/blog\/index.php\/wp-json\/wp\/v2\/categories?post=1147"},{"taxonomy":"post_tag","embeddable":true,"href":"https:\/\/lepelletier.fr\/blog\/index.php\/wp-json\/wp\/v2\/tags?post=1147"}],"curies":[{"name":"wp","href":"https:\/\/api.w.org\/{rel}","templated":true}]}}