{"id":1149,"date":"2019-08-29T15:54:01","date_gmt":"2019-08-29T13:54:01","guid":{"rendered":"http:\/\/lepelletier.fr\/blog\/?p=1149"},"modified":"2019-08-29T16:26:03","modified_gmt":"2019-08-29T14:26:03","slug":"2012-solidarite-etudiante-lyon-madagascar","status":"publish","type":"post","link":"https:\/\/lepelletier.fr\/blog\/index.php\/2019\/08\/29\/2012-solidarite-etudiante-lyon-madagascar\/","title":{"rendered":"2012 SOLIDARITE ETUDIANTE LYON-MADAGASCAR"},"content":{"rendered":"\n<p>&nbsp;&nbsp;&nbsp;&nbsp;&nbsp;&nbsp;&nbsp;&nbsp; Septembre 2012,&nbsp; l\u2019association que nous avons en t\u00eate depuis plusieurs mois va enfin exister.<\/p>\n\n\n\n<p>Avec Christiane Martin, nous avons mis en place les statuts et la cr\u00e9ation va bient\u00f4t \u00eatre officielle (elle est dans les bureaux de la pr\u00e9fecture). Notre arriv\u00e9e \u00e0 Fianarantsoa nous permet de finaliser son existence.<\/p>\n\n\n\n<p>&nbsp;&nbsp;&nbsp;&nbsp;&nbsp;&nbsp;&nbsp;&nbsp; Hier, mardi 2 octobre, nous avons eu une discussion avec Mme Jacqueline RAZANADIMBY, c\u2019est une professeur d\u2019anglais, jeune retrait\u00e9e qui poursuit encore ses activit\u00e9s aupr\u00e8s de centres de formations \u2013 elle est aussi impliqu\u00e9e dans l\u2019aide aux parents et l\u2019aide p\u00e9dagogique aux enseignants et aux jeunes. Elle est tr\u00e8s int\u00e9ress\u00e9e par l\u2019id\u00e9e de travailler avec nous et est pr\u00eate \u00e0 nous aider \u00e0 mettre en place un r\u00e8glement pour cette association.<\/p>\n\n\n\n<p>&nbsp;&nbsp;&nbsp;&nbsp;&nbsp;&nbsp;&nbsp;&nbsp; L\u2019aide que nous envisageons, sera vers\u00e9e sous forme d\u2019une bourse allou\u00e9e pour une ann\u00e9e, renouvelable si besoin, elle sera vers\u00e9e mensuellement. Elle s\u2019adresse aux \u00e9tudiants qui souhaitent poursuivre des \u00e9tudes apr\u00e8s leur baccalaur\u00e9at, que ce soit dans l\u2019enseignement g\u00e9n\u00e9ral ou technique. Elle peut aussi s\u2019adresser aux jeunes adultes qui souhaitent reprendre des \u00e9tudes.<\/p>\n\n\n\n<p>&nbsp;&nbsp;&nbsp;&nbsp;&nbsp;&nbsp;&nbsp;&nbsp; Dans tous les cas, les dossiers de demandes constitu\u00e9s aupr\u00e8s de la correspondante de l\u2019association seront \u00e9tudi\u00e9s par le bureau en France qui accordera ou non, et suivant ses possibilit\u00e9s, l\u2019attribution d\u2019une bourse. Parall\u00e8lement, un travail sera fait aupr\u00e8s de ces \u00e9tudiants pour qu\u2019ils se regroupent r\u00e9guli\u00e8rement et organisent \u00e0 leur tour, des actions de solidarit\u00e9.<\/p>\n\n\n\n<p>&nbsp;&nbsp;&nbsp;&nbsp;&nbsp;&nbsp;&nbsp;&nbsp; Tout se pr\u00e9pare bien et nous en sommes vraiment heureux car beaucoup de jeunes sont conscients de l\u2019importance d\u2019avoir une r\u00e9elle formation&nbsp;; malheureusement la situation politique actuelle aggrave les difficult\u00e9s d\u00e9j\u00e0 existantes.<\/p>\n\n\n\n<p>&nbsp;&nbsp;&nbsp;&nbsp;&nbsp;&nbsp;&nbsp;&nbsp; Pour le moment, nous allons faire le bilan pr\u00e9cis des aides existantes aupr\u00e8s des \u00e9tudiants (bourses nationales, autres aides&nbsp;?..), du co\u00fbt d\u2019une chambre et des repas dans la r\u00e9sidence universitaire, du co\u00fbt d\u2019une connexion Internet et des diff\u00e9rentes propositions existantes, du co\u00fbt des dossiers de cours (il n\u2019existe pratiquement pas de livres et les \u00e9tudiants doivent acheter les cours des professeurs).<\/p>\n\n\n\n<p>&nbsp;&nbsp;&nbsp;&nbsp;&nbsp;&nbsp;&nbsp;&nbsp; Le dernier point qu\u2019il nous reste \u00e0 solutionner est le financement de ce projet.<\/p>\n\n\n\n<p>Pour cela, nous comptons sur des aides individuelles mais aussi et surtout sur la participation des \u00e9tudiants fran\u00e7ais qui, gr\u00e2ce \u00e0 l\u2019organisation de rencontres diverses, pourront financer ce soutien aux \u00e9tudiants malgaches.<\/p>\n","protected":false},"excerpt":{"rendered":"<p>&nbsp;&nbsp;&nbsp;&nbsp;&nbsp;&nbsp;&nbsp;&nbsp; Septembre 2012,&nbsp; l\u2019association que nous avons en t\u00eate depuis plusieurs mois va enfin exister. Avec Christiane Martin, nous avons mis en place les statuts et la cr\u00e9ation va bient\u00f4t \u00eatre officielle (elle est dans les bureaux de la pr\u00e9fecture).&hellip; <\/p>\n","protected":false},"author":1,"featured_media":0,"comment_status":"open","ping_status":"open","sticky":false,"template":"","format":"standard","meta":{"footnotes":""},"categories":[6,19],"tags":[],"class_list":["post-1149","post","type-post","status-publish","format-standard","hentry","category-6","category-association-elf"],"_links":{"self":[{"href":"https:\/\/lepelletier.fr\/blog\/index.php\/wp-json\/wp\/v2\/posts\/1149","targetHints":{"allow":["GET"]}}],"collection":[{"href":"https:\/\/lepelletier.fr\/blog\/index.php\/wp-json\/wp\/v2\/posts"}],"about":[{"href":"https:\/\/lepelletier.fr\/blog\/index.php\/wp-json\/wp\/v2\/types\/post"}],"author":[{"embeddable":true,"href":"https:\/\/lepelletier.fr\/blog\/index.php\/wp-json\/wp\/v2\/users\/1"}],"replies":[{"embeddable":true,"href":"https:\/\/lepelletier.fr\/blog\/index.php\/wp-json\/wp\/v2\/comments?post=1149"}],"version-history":[{"count":1,"href":"https:\/\/lepelletier.fr\/blog\/index.php\/wp-json\/wp\/v2\/posts\/1149\/revisions"}],"predecessor-version":[{"id":1150,"href":"https:\/\/lepelletier.fr\/blog\/index.php\/wp-json\/wp\/v2\/posts\/1149\/revisions\/1150"}],"wp:attachment":[{"href":"https:\/\/lepelletier.fr\/blog\/index.php\/wp-json\/wp\/v2\/media?parent=1149"}],"wp:term":[{"taxonomy":"category","embeddable":true,"href":"https:\/\/lepelletier.fr\/blog\/index.php\/wp-json\/wp\/v2\/categories?post=1149"},{"taxonomy":"post_tag","embeddable":true,"href":"https:\/\/lepelletier.fr\/blog\/index.php\/wp-json\/wp\/v2\/tags?post=1149"}],"curies":[{"name":"wp","href":"https:\/\/api.w.org\/{rel}","templated":true}]}}