{"id":1152,"date":"2019-08-29T16:01:37","date_gmt":"2019-08-29T14:01:37","guid":{"rendered":"http:\/\/lepelletier.fr\/blog\/?p=1152"},"modified":"2019-08-29T16:26:25","modified_gmt":"2019-08-29T14:26:25","slug":"2012-les-missions-de-jacques-depuis-4-semaines","status":"publish","type":"post","link":"https:\/\/lepelletier.fr\/blog\/index.php\/2019\/08\/29\/2012-les-missions-de-jacques-depuis-4-semaines\/","title":{"rendered":"2013 Les Missions de Jacques depuis 4 semaines"},"content":{"rendered":"\n<p> D\u00e8s mon arriv\u00e9e je commence mon cours de r\u00e9seau informatique au Centre Universitaire de Formation Professionnelle, 3 heures par jour chaque matin. Comme l&rsquo;ann\u00e9e derni\u00e8re j&rsquo;ai affaire \u00e0 des \u00e9tudiants tr\u00e8s motiv\u00e9s qui ont progress\u00e9 assez rapidement. Mon enseignement se veut tr\u00e8s pratique dans le but de les rendre familiers avec l&rsquo;installation et <\/p>\n\n\n\n<p>l&rsquo;administration d&rsquo;un r\u00e9seau. A part cela je sollicite mes connaissances pour placer quelques \u00e9tudiants en stage, ces derniers \u00e9tant relativement livr\u00e9s \u00e0 eux-m\u00eames. Notre ami P\u00e8re Marius qui va monter un Cyber en ville \u00e0 destination des \u00e9tudiants, me sollicite pour l&rsquo;aider \u00e0 monter son r\u00e9seau. Il accepte de travailler avec notre association d&rsquo;aide aux \u00e9tudiants que nous sommes en train de monter et pour laquelle Claudie travaille ici \u00e0 Fianar. Apr\u00e8s la visite de Guillaume et de nos petites filles (en fin de semaine), je vais former quelques professeurs d&rsquo;un coll\u00e8ge-lyc\u00e9e \u00e0 l&rsquo;utilisation p\u00e9dagogique de l&rsquo;ordinateur. \u00e0 suivre <\/p>\n\n\n\n<div class=\"wp-block-image\"><figure class=\"alignright\"><img decoding=\"async\" src=\"http:\/\/mada-lepelletier.hautetfort.com\/media\/01\/02\/693961456.jpg\" alt=\"27092012144.jpg\"\/><\/figure><\/div>\n","protected":false},"excerpt":{"rendered":"<p>D\u00e8s mon arriv\u00e9e je commence mon cours de r\u00e9seau informatique au Centre Universitaire de Formation Professionnelle, 3 heures par jour chaque matin. Comme l&rsquo;ann\u00e9e derni\u00e8re j&rsquo;ai affaire \u00e0 des \u00e9tudiants tr\u00e8s motiv\u00e9s qui ont progress\u00e9 assez rapidement. Mon enseignement se&hellip; <\/p>\n","protected":false},"author":1,"featured_media":0,"comment_status":"open","ping_status":"open","sticky":false,"template":"","format":"standard","meta":{"footnotes":""},"categories":[7,3],"tags":[],"class_list":["post-1152","post","type-post","status-publish","format-standard","hentry","category-7","category-notre-travail"],"_links":{"self":[{"href":"https:\/\/lepelletier.fr\/blog\/index.php\/wp-json\/wp\/v2\/posts\/1152","targetHints":{"allow":["GET"]}}],"collection":[{"href":"https:\/\/lepelletier.fr\/blog\/index.php\/wp-json\/wp\/v2\/posts"}],"about":[{"href":"https:\/\/lepelletier.fr\/blog\/index.php\/wp-json\/wp\/v2\/types\/post"}],"author":[{"embeddable":true,"href":"https:\/\/lepelletier.fr\/blog\/index.php\/wp-json\/wp\/v2\/users\/1"}],"replies":[{"embeddable":true,"href":"https:\/\/lepelletier.fr\/blog\/index.php\/wp-json\/wp\/v2\/comments?post=1152"}],"version-history":[{"count":2,"href":"https:\/\/lepelletier.fr\/blog\/index.php\/wp-json\/wp\/v2\/posts\/1152\/revisions"}],"predecessor-version":[{"id":1170,"href":"https:\/\/lepelletier.fr\/blog\/index.php\/wp-json\/wp\/v2\/posts\/1152\/revisions\/1170"}],"wp:attachment":[{"href":"https:\/\/lepelletier.fr\/blog\/index.php\/wp-json\/wp\/v2\/media?parent=1152"}],"wp:term":[{"taxonomy":"category","embeddable":true,"href":"https:\/\/lepelletier.fr\/blog\/index.php\/wp-json\/wp\/v2\/categories?post=1152"},{"taxonomy":"post_tag","embeddable":true,"href":"https:\/\/lepelletier.fr\/blog\/index.php\/wp-json\/wp\/v2\/tags?post=1152"}],"curies":[{"name":"wp","href":"https:\/\/api.w.org\/{rel}","templated":true}]}}