{"id":1156,"date":"2019-08-29T16:09:40","date_gmt":"2019-08-29T14:09:40","guid":{"rendered":"http:\/\/lepelletier.fr\/blog\/?p=1156"},"modified":"2019-08-29T16:27:32","modified_gmt":"2019-08-29T14:27:32","slug":"samedi-27-avril-2012-madvision-sortie-de-la-30eme-promotion","status":"publish","type":"post","link":"https:\/\/lepelletier.fr\/blog\/index.php\/2019\/08\/29\/samedi-27-avril-2012-madvision-sortie-de-la-30eme-promotion\/","title":{"rendered":"Samedi 27 Avril 2012  MADVISION sortie de la 30\u00e8me promotion"},"content":{"rendered":"\n<p>Nous avons \u00e9t\u00e9 invit\u00e9 ce samedi 27 avril comme parrain et marraine \u00e0 la remise des dipl\u00f4mes (environ 250) de la 30 i\u00e8me promotion du centre de formation MADVISION.<\/p>\n\n\n\n<p>Ce centre de formation a \u00e9t\u00e9 cr\u00e9\u00e9 il y a environ 8 ans par plusieurs membres de la famille ANDRIANDRIVO avec l&rsquo;aide du P\u00e8re PASCAL (le b\u00e2tisseur du dioc\u00e8se de Fianarantsoa).<\/p>\n\n\n\n<p>Ce centre offre aux jeunes (et moins jeunes) une formation de base en :<\/p>\n\n\n\n<figure class=\"wp-block-image\"><img decoding=\"async\" src=\"http:\/\/mada-lepelletier.hautetfort.com\/media\/01\/00\/1444443095.JPG\" alt=\"P1090958.JPG\"\/><\/figure>\n\n\n\n<ul class=\"wp-block-list\"><li>Informatique &#8211; Bureautique<\/li><li>Electronique &#8211; maintenance informatique<\/li><li>Coupe et couture<\/li><li>Coiffure<\/li><\/ul>\n\n\n\n<p>Par sessions de 3 mois (4 promotions par an) . Depuis sa cr\u00e9ation ils ont form\u00e9 9000 \u00e9l\u00e8ves.<\/p>\n\n\n\n<p>Jacques les a aid\u00e9 techniquement en informatique et nous sommes devenus des amis de la famille.<\/p>\n\n\n\n<p>Une fondation Fran\u00e7aise de la r\u00e9gion de Nancy les aide fianci\u00e8rement et a contruit en 2012 un b\u00e2timent pour accueillir le centre de formation.<\/p>\n\n\n\n<figure class=\"wp-block-image\"><img decoding=\"async\" src=\"http:\/\/mada-lepelletier.hautetfort.com\/media\/01\/01\/1803049575.JPG\" alt=\"P1090959.JPG\"\/><figcaption>les formateurs de Madvision<\/figcaption><\/figure>\n\n\n\n<figure class=\"wp-block-image\"><img decoding=\"async\" src=\"http:\/\/mada-lepelletier.hautetfort.com\/media\/01\/01\/1803049575.JPG\" alt=\"P1090959.JPG\"\/><figcaption>les officiels coupent le g\u00e2teau<\/figcaption><\/figure>\n\n\n\n<figure class=\"wp-block-image\"><img decoding=\"async\" src=\"http:\/\/mada-lepelletier.hautetfort.com\/media\/02\/02\/796298504.JPG\" alt=\"P1090984.JPG\"\/><\/figure>\n","protected":false},"excerpt":{"rendered":"<p>Nous avons \u00e9t\u00e9 invit\u00e9 ce samedi 27 avril comme parrain et marraine \u00e0 la remise des dipl\u00f4mes (environ 250) de la 30 i\u00e8me promotion du centre de formation MADVISION. Ce centre de formation a \u00e9t\u00e9 cr\u00e9\u00e9 il y a environ&hellip; <\/p>\n","protected":false},"author":1,"featured_media":0,"comment_status":"open","ping_status":"open","sticky":false,"template":"","format":"standard","meta":{"footnotes":""},"categories":[6,21],"tags":[],"class_list":["post-1156","post","type-post","status-publish","format-standard","hentry","category-6","category-madvision"],"_links":{"self":[{"href":"https:\/\/lepelletier.fr\/blog\/index.php\/wp-json\/wp\/v2\/posts\/1156","targetHints":{"allow":["GET"]}}],"collection":[{"href":"https:\/\/lepelletier.fr\/blog\/index.php\/wp-json\/wp\/v2\/posts"}],"about":[{"href":"https:\/\/lepelletier.fr\/blog\/index.php\/wp-json\/wp\/v2\/types\/post"}],"author":[{"embeddable":true,"href":"https:\/\/lepelletier.fr\/blog\/index.php\/wp-json\/wp\/v2\/users\/1"}],"replies":[{"embeddable":true,"href":"https:\/\/lepelletier.fr\/blog\/index.php\/wp-json\/wp\/v2\/comments?post=1156"}],"version-history":[{"count":1,"href":"https:\/\/lepelletier.fr\/blog\/index.php\/wp-json\/wp\/v2\/posts\/1156\/revisions"}],"predecessor-version":[{"id":1157,"href":"https:\/\/lepelletier.fr\/blog\/index.php\/wp-json\/wp\/v2\/posts\/1156\/revisions\/1157"}],"wp:attachment":[{"href":"https:\/\/lepelletier.fr\/blog\/index.php\/wp-json\/wp\/v2\/media?parent=1156"}],"wp:term":[{"taxonomy":"category","embeddable":true,"href":"https:\/\/lepelletier.fr\/blog\/index.php\/wp-json\/wp\/v2\/categories?post=1156"},{"taxonomy":"post_tag","embeddable":true,"href":"https:\/\/lepelletier.fr\/blog\/index.php\/wp-json\/wp\/v2\/tags?post=1156"}],"curies":[{"name":"wp","href":"https:\/\/api.w.org\/{rel}","templated":true}]}}