{"id":1165,"date":"2019-08-29T16:17:52","date_gmt":"2019-08-29T14:17:52","guid":{"rendered":"http:\/\/lepelletier.fr\/blog\/?p=1165"},"modified":"2019-08-29T16:31:44","modified_gmt":"2019-08-29T14:31:44","slug":"2012-dimanche-5-mai-bapteme-de-nomena","status":"publish","type":"post","link":"https:\/\/lepelletier.fr\/blog\/index.php\/2019\/08\/29\/2012-dimanche-5-mai-bapteme-de-nomena\/","title":{"rendered":"2013 Dimanche 5 mai Bapt\u00e8me de Nomena"},"content":{"rendered":"\n<figure class=\"wp-block-image\"><img decoding=\"async\" src=\"http:\/\/mada-lepelletier.hautetfort.com\/media\/00\/00\/108370383.JPG\" alt=\"P1100068.JPG\"\/><\/figure>\n\n\n\n<p>Nos amis Hasy&nbsp; ANDRIANARIVO (Madvision) et sa femme nous ont invit\u00e9 au bapt\u00e8me de Nomena leur dernier gar\u00e7on. Claudie a \u00e9t\u00e9 demand\u00e9e pour marraine, nous avons vraiment l&rsquo;impression de faire partie de la famille.<\/p>\n\n\n\n<figure class=\"wp-block-image\"><img decoding=\"async\" src=\"http:\/\/mada-lepelletier.hautetfort.com\/media\/01\/01\/3179397841.JPG\" alt=\"P1100059.JPG\"\/><\/figure>\n\n\n\n<p>Le temple protestant<\/p>\n\n\n\n<figure class=\"wp-block-image\"><img decoding=\"async\" src=\"http:\/\/mada-lepelletier.hautetfort.com\/media\/01\/02\/4102915749.JPG\" alt=\"P1100046.JPG\"\/><\/figure>\n\n\n\n<figure class=\"wp-block-image\"><img decoding=\"async\" src=\"http:\/\/mada-lepelletier.hautetfort.com\/media\/00\/02\/4147239536.JPG\" alt=\"P1100053.JPG\"\/><\/figure>\n\n\n\n<figure class=\"wp-block-image\"><img decoding=\"async\" src=\"http:\/\/mada-lepelletier.hautetfort.com\/media\/01\/01\/4250468779.JPG\" alt=\"P1100070.JPG\"\/><\/figure>\n\n\n\n<p>Le petit Nomena<\/p>\n\n\n\n<figure class=\"wp-block-image\"><img decoding=\"async\" src=\"http:\/\/mada-lepelletier.hautetfort.com\/media\/00\/02\/2274972363.JPG\" alt=\"P1100072.JPG\"\/><\/figure>\n\n\n\n<p>La salle de r\u00e9ception chez Madvision<\/p>\n\n\n\n<figure class=\"wp-block-image\"><img decoding=\"async\" src=\"http:\/\/mada-lepelletier.hautetfort.com\/media\/00\/02\/3136912251.JPG\" alt=\"P1100073.JPG\"\/><\/figure>\n\n\n\n<p>Le traditionnel g\u00e2teau<\/p>\n\n\n\n<figure class=\"wp-block-image\"><img decoding=\"async\" src=\"http:\/\/mada-lepelletier.hautetfort.com\/media\/01\/00\/4186903998.JPG\" alt=\"P1100084.JPG\"\/><\/figure>\n","protected":false},"excerpt":{"rendered":"<p>Nos amis Hasy&nbsp; ANDRIANARIVO (Madvision) et sa femme nous ont invit\u00e9 au bapt\u00e8me de Nomena leur dernier gar\u00e7on. Claudie a \u00e9t\u00e9 demand\u00e9e pour marraine, nous avons vraiment l&rsquo;impression de faire partie de la famille. Le temple protestant Le petit Nomena&hellip; <\/p>\n","protected":false},"author":1,"featured_media":0,"comment_status":"open","ping_status":"open","sticky":false,"template":"","format":"standard","meta":{"footnotes":""},"categories":[7,18],"tags":[],"class_list":["post-1165","post","type-post","status-publish","format-standard","hentry","category-7","category-famille-malgache"],"_links":{"self":[{"href":"https:\/\/lepelletier.fr\/blog\/index.php\/wp-json\/wp\/v2\/posts\/1165","targetHints":{"allow":["GET"]}}],"collection":[{"href":"https:\/\/lepelletier.fr\/blog\/index.php\/wp-json\/wp\/v2\/posts"}],"about":[{"href":"https:\/\/lepelletier.fr\/blog\/index.php\/wp-json\/wp\/v2\/types\/post"}],"author":[{"embeddable":true,"href":"https:\/\/lepelletier.fr\/blog\/index.php\/wp-json\/wp\/v2\/users\/1"}],"replies":[{"embeddable":true,"href":"https:\/\/lepelletier.fr\/blog\/index.php\/wp-json\/wp\/v2\/comments?post=1165"}],"version-history":[{"count":2,"href":"https:\/\/lepelletier.fr\/blog\/index.php\/wp-json\/wp\/v2\/posts\/1165\/revisions"}],"predecessor-version":[{"id":1174,"href":"https:\/\/lepelletier.fr\/blog\/index.php\/wp-json\/wp\/v2\/posts\/1165\/revisions\/1174"}],"wp:attachment":[{"href":"https:\/\/lepelletier.fr\/blog\/index.php\/wp-json\/wp\/v2\/media?parent=1165"}],"wp:term":[{"taxonomy":"category","embeddable":true,"href":"https:\/\/lepelletier.fr\/blog\/index.php\/wp-json\/wp\/v2\/categories?post=1165"},{"taxonomy":"post_tag","embeddable":true,"href":"https:\/\/lepelletier.fr\/blog\/index.php\/wp-json\/wp\/v2\/tags?post=1165"}],"curies":[{"name":"wp","href":"https:\/\/api.w.org\/{rel}","templated":true}]}}