{"id":1167,"date":"2019-08-29T16:20:33","date_gmt":"2019-08-29T14:20:33","guid":{"rendered":"http:\/\/lepelletier.fr\/blog\/?p=1167"},"modified":"2019-08-29T16:32:05","modified_gmt":"2019-08-29T14:32:05","slug":"2012-18-mai-mariage-dalain-et-anja","status":"publish","type":"post","link":"https:\/\/lepelletier.fr\/blog\/index.php\/2019\/08\/29\/2012-18-mai-mariage-dalain-et-anja\/","title":{"rendered":"2013 18 mai mariage d&rsquo;Alain et Anja"},"content":{"rendered":"\n<p><br><br>Nous sommes invit\u00e9s le samedi 18 mai au mariage de Alain, le Fr\u00e8re de Christian Randrianarison (notre ami de Madtrekking) et de Anja<\/p>\n\n\n\n<div class=\"wp-block-image\"><figure class=\"aligncenter\"><img decoding=\"async\" src=\"http:\/\/mada-lepelletier.hautetfort.com\/media\/01\/00\/2800782311.JPG\" alt=\"P1100281.JPG\"\/><\/figure><\/div>\n\n\n\n<div class=\"wp-block-image\"><figure class=\"aligncenter\"><img decoding=\"async\" src=\"http:\/\/mada-lepelletier.hautetfort.com\/media\/00\/02\/1622948403.JPG\" alt=\"P1100298.JPG\"\/><\/figure><\/div>\n\n\n\n<div class=\"wp-block-image\"><figure class=\"aligncenter\"><img decoding=\"async\" src=\"http:\/\/mada-lepelletier.hautetfort.com\/media\/00\/02\/2510818699.JPG\" alt=\"P1100316.JPG\"\/><\/figure><\/div>\n\n\n\n<div class=\"wp-block-image\"><figure class=\"aligncenter\"><img decoding=\"async\" src=\"http:\/\/mada-lepelletier.hautetfort.com\/media\/02\/00\/322731813.JPG\" alt=\"P1100326.JPG\"\/><\/figure><\/div>\n\n\n\n<p>Mitia chante pour son tonton et sa tante sous l&rsquo;admiration de son papy Cyril<\/p>\n\n\n\n<div class=\"wp-block-image\"><figure class=\"aligncenter\"><img decoding=\"async\" src=\"http:\/\/mada-lepelletier.hautetfort.com\/media\/01\/00\/1243965848.JPG\" alt=\"P1100340.JPG\"\/><\/figure><\/div>\n\n\n\n<p>pendant la soir\u00e9e le p\u00e8re du mari\u00e9 (papy Cyril) benit le jeune couple<\/p>\n\n\n\n<p>Une tradition tr\u00e8s \u00e9mouvante<\/p>\n","protected":false},"excerpt":{"rendered":"<p>Nous sommes invit\u00e9s le samedi 18 mai au mariage de Alain, le Fr\u00e8re de Christian Randrianarison (notre ami de Madtrekking) et de Anja Mitia chante pour son tonton et sa tante sous l&rsquo;admiration de son papy Cyril pendant la soir\u00e9e&hellip; <\/p>\n","protected":false},"author":1,"featured_media":0,"comment_status":"open","ping_status":"open","sticky":false,"template":"","format":"standard","meta":{"footnotes":""},"categories":[7,18],"tags":[],"class_list":["post-1167","post","type-post","status-publish","format-standard","hentry","category-7","category-famille-malgache"],"_links":{"self":[{"href":"https:\/\/lepelletier.fr\/blog\/index.php\/wp-json\/wp\/v2\/posts\/1167","targetHints":{"allow":["GET"]}}],"collection":[{"href":"https:\/\/lepelletier.fr\/blog\/index.php\/wp-json\/wp\/v2\/posts"}],"about":[{"href":"https:\/\/lepelletier.fr\/blog\/index.php\/wp-json\/wp\/v2\/types\/post"}],"author":[{"embeddable":true,"href":"https:\/\/lepelletier.fr\/blog\/index.php\/wp-json\/wp\/v2\/users\/1"}],"replies":[{"embeddable":true,"href":"https:\/\/lepelletier.fr\/blog\/index.php\/wp-json\/wp\/v2\/comments?post=1167"}],"version-history":[{"count":2,"href":"https:\/\/lepelletier.fr\/blog\/index.php\/wp-json\/wp\/v2\/posts\/1167\/revisions"}],"predecessor-version":[{"id":1175,"href":"https:\/\/lepelletier.fr\/blog\/index.php\/wp-json\/wp\/v2\/posts\/1167\/revisions\/1175"}],"wp:attachment":[{"href":"https:\/\/lepelletier.fr\/blog\/index.php\/wp-json\/wp\/v2\/media?parent=1167"}],"wp:term":[{"taxonomy":"category","embeddable":true,"href":"https:\/\/lepelletier.fr\/blog\/index.php\/wp-json\/wp\/v2\/categories?post=1167"},{"taxonomy":"post_tag","embeddable":true,"href":"https:\/\/lepelletier.fr\/blog\/index.php\/wp-json\/wp\/v2\/tags?post=1167"}],"curies":[{"name":"wp","href":"https:\/\/api.w.org\/{rel}","templated":true}]}}