{"id":1178,"date":"2019-08-29T16:37:10","date_gmt":"2019-08-29T14:37:10","guid":{"rendered":"http:\/\/lepelletier.fr\/blog\/?p=1178"},"modified":"2019-08-29T16:37:12","modified_gmt":"2019-08-29T14:37:12","slug":"un-nouveau-sejour-prevu-en-2014","status":"publish","type":"post","link":"https:\/\/lepelletier.fr\/blog\/index.php\/2019\/08\/29\/un-nouveau-sejour-prevu-en-2014\/","title":{"rendered":"Un nouveau s\u00e9jour pr\u00e9vu en 2014"},"content":{"rendered":"\n<div class=\"wp-block-image\"><figure class=\"aligncenter\"><img decoding=\"async\" src=\"http:\/\/mada-lepelletier.hautetfort.com\/media\/00\/00\/800914872.jpg\" alt=\"abstrait noel (3).jpg\"\/><\/figure><\/div>\n\n\n\n<figure class=\"wp-block-image\"><img decoding=\"async\" src=\"http:\/\/mada-lepelletier.hautetfort.com\/media\/00\/00\/2933154217.JPG\" alt=\"voeux2014.JPG\"\/><\/figure>\n\n\n\n<p>Nous pensons d\u00e9j\u00e0 au retour \u00e0 Fianarantsoa en mars 2014<\/p>\n\n\n\n<p>nous vous en dirons plus<\/p>\n\n\n\n<div class=\"wp-block-image\"><figure class=\"aligncenter\"><img decoding=\"async\" src=\"http:\/\/mada-lepelletier.hautetfort.com\/media\/02\/00\/4021552757.jpg\" alt=\"affiche-1.jpg\"\/><\/figure><\/div>\n\n\n\n<figure class=\"wp-block-image\"><img decoding=\"async\" src=\"http:\/\/mada-lepelletier.hautetfort.com\/media\/01\/00\/2819914917.2.jpg\" alt=\"affiche-2.jpg\"\/><\/figure>\n\n\n\n<div class=\"wp-block-image\"><figure class=\"alignright\"><img decoding=\"async\" src=\"http:\/\/mada-lepelletier.hautetfort.com\/media\/01\/00\/2507429141.jpg\" alt=\"affiche-3.jpg\"\/><\/figure><\/div>\n","protected":false},"excerpt":{"rendered":"<p>Nous pensons d\u00e9j\u00e0 au retour \u00e0 Fianarantsoa en mars 2014 nous vous en dirons plus<\/p>\n","protected":false},"author":1,"featured_media":0,"comment_status":"open","ping_status":"open","sticky":false,"template":"","format":"standard","meta":{"footnotes":""},"categories":[7,20],"tags":[],"class_list":["post-1178","post","type-post","status-publish","format-standard","hentry","category-7","category-association-selmada"],"_links":{"self":[{"href":"https:\/\/lepelletier.fr\/blog\/index.php\/wp-json\/wp\/v2\/posts\/1178","targetHints":{"allow":["GET"]}}],"collection":[{"href":"https:\/\/lepelletier.fr\/blog\/index.php\/wp-json\/wp\/v2\/posts"}],"about":[{"href":"https:\/\/lepelletier.fr\/blog\/index.php\/wp-json\/wp\/v2\/types\/post"}],"author":[{"embeddable":true,"href":"https:\/\/lepelletier.fr\/blog\/index.php\/wp-json\/wp\/v2\/users\/1"}],"replies":[{"embeddable":true,"href":"https:\/\/lepelletier.fr\/blog\/index.php\/wp-json\/wp\/v2\/comments?post=1178"}],"version-history":[{"count":1,"href":"https:\/\/lepelletier.fr\/blog\/index.php\/wp-json\/wp\/v2\/posts\/1178\/revisions"}],"predecessor-version":[{"id":1179,"href":"https:\/\/lepelletier.fr\/blog\/index.php\/wp-json\/wp\/v2\/posts\/1178\/revisions\/1179"}],"wp:attachment":[{"href":"https:\/\/lepelletier.fr\/blog\/index.php\/wp-json\/wp\/v2\/media?parent=1178"}],"wp:term":[{"taxonomy":"category","embeddable":true,"href":"https:\/\/lepelletier.fr\/blog\/index.php\/wp-json\/wp\/v2\/categories?post=1178"},{"taxonomy":"post_tag","embeddable":true,"href":"https:\/\/lepelletier.fr\/blog\/index.php\/wp-json\/wp\/v2\/tags?post=1178"}],"curies":[{"name":"wp","href":"https:\/\/api.w.org\/{rel}","templated":true}]}}