{"id":1208,"date":"2019-09-05T12:18:46","date_gmt":"2019-09-05T10:18:46","guid":{"rendered":"http:\/\/lepelletier.fr\/blog\/?p=1208"},"modified":"2019-09-05T12:19:15","modified_gmt":"2019-09-05T10:19:15","slug":"24-mai-2014-inauguration-du-centre-de-depistage-du-cancer-akbaraly","status":"publish","type":"post","link":"https:\/\/lepelletier.fr\/blog\/index.php\/2019\/09\/05\/24-mai-2014-inauguration-du-centre-de-depistage-du-cancer-akbaraly\/","title":{"rendered":"24 mai 2014 inauguration du centre de d\u00e9pistage du cancer akbaraly"},"content":{"rendered":"\n<p> Les 24 et 25 juin 2014, la fondation akbaraly, inaugurait \u00e0 Fianarantsoa son centre de d\u00e9pistage des cancers<br>f\u00e9minins. Ce f\u00fbt l&rsquo;occasion du f\u00eate dans la ville autour d&rsquo;un marathon le samedi matin et d&rsquo;un d\u00e9fil\u00e9<br>en ville l&rsquo;apr\u00e8s midi. Le dimanche une animation avec la participation des enfants du centre des aveugles<br>EPHATA. <\/p>\n\n\n\n<div class=\"wp-block-image\"><figure class=\"aligncenter\"><img decoding=\"async\" src=\"http:\/\/mada-lepelletier.hautetfort.com\/media\/02\/01\/470217256.JPG\" alt=\"DSC_0270.JPG\"\/><\/figure><\/div>\n\n\n\n<div class=\"wp-block-image\"><figure class=\"aligncenter is-resized\"><img loading=\"lazy\" decoding=\"async\" src=\"http:\/\/mada-lepelletier.hautetfort.com\/media\/01\/00\/1478153261.JPG\" alt=\"DSC_0266.JPG\" width=\"369\" height=\"244\"\/><figcaption> <br>Participantes de l&rsquo;association<br> Entraide Lyon Fianarantsoa <\/figcaption><\/figure><\/div>\n\n\n\n<div class=\"wp-block-image\"><figure class=\"alignright\"><img decoding=\"async\" src=\"http:\/\/mada-lepelletier.hautetfort.com\/media\/00\/01\/2485931848.JPG\" alt=\"DSC_0297.JPG\"\/><\/figure><\/div>\n\n\n\n<figure class=\"wp-block-image\"><img decoding=\"async\" src=\"http:\/\/mada-lepelletier.hautetfort.com\/media\/00\/00\/3611863413.JPG\" alt=\"DSC00167.JPG\"\/><\/figure>\n\n\n\n<div class=\"wp-block-image\"><figure class=\"aligncenter is-resized\"><img loading=\"lazy\" decoding=\"async\" src=\"http:\/\/mada-lepelletier.hautetfort.com\/media\/02\/02\/730357841.JPG\" alt=\"DSC_0313.JPG\" width=\"402\" height=\"267\"\/><\/figure><\/div>\n\n\n\n<figure class=\"wp-block-image is-resized\"><img loading=\"lazy\" decoding=\"async\" src=\"http:\/\/mada-lepelletier.hautetfort.com\/media\/01\/02\/1537640696.JPG\" alt=\"DSC_0273.JPG\" width=\"368\" height=\"244\"\/><figcaption> <br>Groupe de percussionnistes de<br> l&rsquo;association Bel Avenir<br> de TULEAR <\/figcaption><\/figure>\n\n\n\n<div class=\"wp-block-image\"><figure class=\"aligncenter is-resized\"><img loading=\"lazy\" decoding=\"async\" src=\"http:\/\/mada-lepelletier.hautetfort.com\/media\/01\/01\/753981947.JPG\" alt=\"DSC_0339.JPG\" width=\"330\" height=\"219\"\/><\/figure><\/div>\n","protected":false},"excerpt":{"rendered":"<p>Les 24 et 25 juin 2014, la fondation akbaraly, inaugurait \u00e0 Fianarantsoa son centre de d\u00e9pistage des cancersf\u00e9minins. Ce f\u00fbt l&rsquo;occasion du f\u00eate dans la ville autour d&rsquo;un marathon le samedi matin et d&rsquo;un d\u00e9fil\u00e9en ville l&rsquo;apr\u00e8s midi. Le dimanche&hellip; <\/p>\n","protected":false},"author":1,"featured_media":0,"comment_status":"open","ping_status":"open","sticky":false,"template":"","format":"standard","meta":{"footnotes":""},"categories":[8,3],"tags":[],"class_list":["post-1208","post","type-post","status-publish","format-standard","hentry","category-8","category-notre-travail"],"_links":{"self":[{"href":"https:\/\/lepelletier.fr\/blog\/index.php\/wp-json\/wp\/v2\/posts\/1208","targetHints":{"allow":["GET"]}}],"collection":[{"href":"https:\/\/lepelletier.fr\/blog\/index.php\/wp-json\/wp\/v2\/posts"}],"about":[{"href":"https:\/\/lepelletier.fr\/blog\/index.php\/wp-json\/wp\/v2\/types\/post"}],"author":[{"embeddable":true,"href":"https:\/\/lepelletier.fr\/blog\/index.php\/wp-json\/wp\/v2\/users\/1"}],"replies":[{"embeddable":true,"href":"https:\/\/lepelletier.fr\/blog\/index.php\/wp-json\/wp\/v2\/comments?post=1208"}],"version-history":[{"count":1,"href":"https:\/\/lepelletier.fr\/blog\/index.php\/wp-json\/wp\/v2\/posts\/1208\/revisions"}],"predecessor-version":[{"id":1209,"href":"https:\/\/lepelletier.fr\/blog\/index.php\/wp-json\/wp\/v2\/posts\/1208\/revisions\/1209"}],"wp:attachment":[{"href":"https:\/\/lepelletier.fr\/blog\/index.php\/wp-json\/wp\/v2\/media?parent=1208"}],"wp:term":[{"taxonomy":"category","embeddable":true,"href":"https:\/\/lepelletier.fr\/blog\/index.php\/wp-json\/wp\/v2\/categories?post=1208"},{"taxonomy":"post_tag","embeddable":true,"href":"https:\/\/lepelletier.fr\/blog\/index.php\/wp-json\/wp\/v2\/tags?post=1208"}],"curies":[{"name":"wp","href":"https:\/\/api.w.org\/{rel}","templated":true}]}}