{"id":1227,"date":"2019-09-05T16:13:27","date_gmt":"2019-09-05T14:13:27","guid":{"rendered":"http:\/\/lepelletier.fr\/blog\/?p=1227"},"modified":"2020-05-12T17:57:54","modified_gmt":"2020-05-12T15:57:54","slug":"2015-randonnee-vers-le-village-des-hommes-en-blanc-soatanana","status":"publish","type":"post","link":"https:\/\/lepelletier.fr\/blog\/index.php\/2019\/09\/05\/2015-randonnee-vers-le-village-des-hommes-en-blanc-soatanana\/","title":{"rendered":"2015 Randonn\u00e9e vers le village des hommes en blanc SOATANANA"},"content":{"rendered":"\n<p>Ce week end nous partons avec l\u2019\u00e9quipe de <a href=\"http:\/\/www.madtrekking.com\/\">Madtrekking<\/a> pour tester une balade vers SOATANANA. Christian a piqu\u00e9 notre curiosot\u00e9 en nous proposant cette marche car Soatanana est un village dont nous avons d\u00e9j\u00e0 entendu parler mais que nous n\u2019avons pas encore visit\u00e9  <\/p>\n\n\n\n<p>\u00a0C\u2019est \u00e0 travers des paysages magnifiques et des villages typement Betseleo que nous parcourons les 25 km qui nous am\u00e8neront enfin \u00e0 notre but.<\/p>\n\n\n\n<figure class=\"wp-block-image is-resized\"><img loading=\"lazy\" decoding=\"async\" src=\"http:\/\/mada-lepelletier.hautetfort.com\/media\/02\/01\/966051206.JPG\" alt=\"P1060294.JPG\" width=\"463\" height=\"141\"\/><\/figure>\n\n\n\n<div class=\"wp-block-image\"><figure class=\"aligncenter\"><img decoding=\"async\" src=\"http:\/\/mada-lepelletier.hautetfort.com\/media\/01\/02\/3238265143.JPG\" alt=\"P1060299.JPG\"\/><\/figure><\/div>\n\n\n\n<figure class=\"wp-block-image\"><img decoding=\"async\" src=\"http:\/\/mada-lepelletier.hautetfort.com\/media\/02\/00\/568343554.JPG\" alt=\"P1060307 - Copie.JPG\"\/><figcaption>  <\/figcaption><\/figure>\n\n\n\n<figure class=\"wp-block-image\"><img decoding=\"async\" src=\"http:\/\/mada-lepelletier.hautetfort.com\/media\/02\/02\/1879838858.JPG\" alt=\"P1060301.JPG\"\/><figcaption> <br>Au loin, nous apercevons les paysans occup\u00e9s \u00e0 battre le riz <\/figcaption><\/figure>\n\n\n\n<p>Et au d\u00e9tour d\u2019une autre colline nous pouvons admirer le travail des \u00ab\u00a0scieurs de long\u00a0\u00bb maniant leur grande scie d\u2019une fa\u00e7on admirable<\/p>\n\n\n\n<figure class=\"wp-block-image is-resized\"><img loading=\"lazy\" decoding=\"async\" src=\"http:\/\/mada-lepelletier.hautetfort.com\/media\/01\/02\/3718335420.JPG\" alt=\"P1060322 - Copie.JPG\" width=\"430\" height=\"269\"\/><\/figure>\n\n\n\n<figure class=\"wp-block-image is-resized\"><img loading=\"lazy\" decoding=\"async\" src=\"http:\/\/mada-lepelletier.hautetfort.com\/media\/02\/00\/1085188810.JPG\" alt=\"P1060332 - Copie.JPG\" width=\"443\" height=\"234\"\/><\/figure>\n\n\n\n<p>Enfin nous arrivons \u00e0 Soatanana que nous surnommons \u00ab&nbsp;le village des hommes en blancs&nbsp;\u00bb mais qui, litt\u00e9ralement, veut dire \u00ab&nbsp;le village du bon\/du bien&nbsp;\u00bb<\/p>\n\n\n\n<figure class=\"wp-block-image is-resized\"><img loading=\"lazy\" decoding=\"async\" src=\"http:\/\/mada-lepelletier.hautetfort.com\/media\/01\/01\/1048112468.JPG\" alt=\"P1060334.JPG\" width=\"486\" height=\"271\"\/><\/figure>\n\n\n\n<p>Avant notre installation dans la maison d\u2019h\u00f4tes, nous d\u00e9couvrons la grande \u00e9glise<\/p>\n\n\n\n<div class=\"wp-block-image\"><figure class=\"aligncenter is-resized\"><img loading=\"lazy\" decoding=\"async\" src=\"http:\/\/mada-lepelletier.hautetfort.com\/media\/02\/02\/2438791676.JPG\" alt=\"P1060343.JPG\" width=\"387\" height=\"210\"\/><\/figure><\/div>\n\n\n\n<figure class=\"wp-block-image\"><img decoding=\"async\" src=\"http:\/\/mada-lepelletier.hautetfort.com\/media\/00\/02\/549552441.JPG\" alt=\"P1060351.JPG\"\/><\/figure>\n\n\n\n<figure class=\"wp-block-image\"><img decoding=\"async\" src=\"http:\/\/mada-lepelletier.hautetfort.com\/media\/01\/00\/2062666988.JPG\" alt=\"P1060338 - Copie.JPG\"\/><figcaption> <br>Depuis le balcon, nous observons l\u2019agitation qui r\u00e8gne aux alentours de la borne-fontaine , car c\u2019est l\u2019heure d\u2019ouverture\u00a0 de l&rsquo;eau<\/figcaption><\/figure>\n\n\n\n<p> L\u2019accueil est tr\u00e8s malgache mais le confort a \u00e9t\u00e9 un peu adapt\u00e9 aux vahiny vahaza (= invit\u00e9s blancs) <\/p>\n\n\n\n<figure class=\"wp-block-image is-resized\"><img loading=\"lazy\" decoding=\"async\" src=\"http:\/\/mada-lepelletier.hautetfort.com\/media\/01\/00\/2464242985.JPG\" alt=\"P1060356.JPG\" width=\"341\" height=\"190\"\/><figcaption> <br> <\/figcaption><\/figure>\n\n\n\n<p> Le lendemain matin, une surprise nous attend au petit d\u00e9jeuner\u00a0: du riz et des frites \u2026.\u00a0! heureusement il y a aussi du bon caf\u00e9.\u00a0 <\/p>\n\n\n\n<figure class=\"wp-block-image is-resized\"><img loading=\"lazy\" decoding=\"async\" src=\"http:\/\/mada-lepelletier.hautetfort.com\/media\/01\/00\/2944496793.JPG\" alt=\"P1060357.JPG\" width=\"427\" height=\"238\"\/><\/figure>\n\n\n\n<p> Comme toujours \u00e0 Madagascar, lorsque nous entrons dans un village, il faut aller saluer le responsable. Ici \u00e0 Soatanana, le \u00ab\u00a0Pr\u00e9sident\u00a0\u00bb est en r\u00e9alit\u00e9 le responsable de la communaut\u00e9, il a \u00e9t\u00e9 \u00e9lu et le restera jusqu\u2019\u00e0 son d\u00e9c\u00e8s. <\/p>\n\n\n\n<figure class=\"wp-block-image\"><img decoding=\"async\" src=\"http:\/\/mada-lepelletier.hautetfort.com\/media\/01\/01\/3894480457.JPG\" alt=\"P1060354.JPG\"\/><\/figure>\n\n\n\n<p>Mme Jeanne se fait un honneur de nous pr\u00e9senter Soatanana et son origine <\/p>\n\n\n\n<figure class=\"wp-block-image is-resized\"><img loading=\"lazy\" decoding=\"async\" src=\"http:\/\/mada-lepelletier.hautetfort.com\/media\/02\/01\/3790965063.JPG\" alt=\"P1060362.JPG\" width=\"148\" height=\"263\"\/><\/figure>\n\n\n\n<p> Isol\u00e9 au c\u0153ur des Hautes Terres de Madagascar, le village de Soatanana constitue le foyer historique de la communaut\u00e9 des \u00ab&nbsp;Disciples du Seigneur&nbsp;\u00bb, un courant protestant fondamentaliste dont les adeptes sont traditionnellement v\u00eatus de blanc. Un \u00e9mouvant microcosme suspendu entre ciel et terre.<\/p>\n\n\n\n<p>Chaque dimanche, telle une arm\u00e9e d\u2019anges en campagne, tous sans exception descendent en procession la rue principale du village de Soatanana<\/p>\n\n\n\n<p>Le petit village originel a \u00e9t\u00e9 surnomm\u00e9 par son fondateur \u00ab&nbsp;La nouvelle J\u00e9rusalem&nbsp;\u00bb. \u00c0 premi\u00e8re vue, il ressemble \u00e0 tous ceux du pays. Pourtant, derri\u00e8re cette apparente banalit\u00e9, se cache une organisation sociale extr\u00eamement singuli\u00e8re qui pourrait \u00eatre qualifi\u00e9e \u2013 dr\u00f4le de paradoxe \u2013 de&nbsp;communisme religieux. <em>\u00ab&nbsp;Soatanana est bas\u00e9e sur une \u00e9conomie collective tr\u00e8s structur\u00e9e.&nbsp;Toutes les <\/em><em>ressources financi\u00e8res<\/em><em> sont centralis\u00e9es par le conseil des anciens, qui g\u00e8re les fonds pour le bien de tous. La communaut\u00e9 poss\u00e8de ainsi son propre taxi-brousse, son <\/em><em>lyc\u00e9e priv\u00e9<\/em><em> et son dispensaire ainsi qu\u2019un syst\u00e8me de prise en charge des malades et des anciens.&nbsp;\u00bb<\/em><\/p>\n\n\n\n<p>Consid\u00e9r\u00e9e par certains comme une secte en raison de son organisation autarcique et son radicalisme, la communaut\u00e9 n\u2019aspire pourtant qu\u2019\u00e0 une vie simple dans le respect des grands pr\u00e9ceptes bibliques&nbsp;: l\u2019amour du prochain, l\u2019humilit\u00e9, l\u2019accueil, la charit\u00e9, le repentir\u2026&nbsp;La petite soci\u00e9t\u00e9 mod\u00e8le serait-elle \u00ab&nbsp;un paradis&nbsp;terrestre \u00bb ? Pas vraiment. Comme partout \u00e0 Madagascar, on vit chichement, dans un d\u00e9nuement qui flirte avec la mis\u00e8re. Et puis surtout, comme dans <em>Le Grand foss\u00e9 <\/em>d\u2019Uderzo et Goscinny, le petit hameau vit coup\u00e9 en deux. Luth\u00e9riens et catholiques se m\u00ealent en effet dans la partie sud du village alors que les Disciples sont regroup\u00e9s au nord. Tous les adeptes de Rainisoalambo doivent porter cette longue robe, assortie d\u2019un ch\u00e2le ivoirin, le l<em>amba fitafy<\/em> et d\u2019un chapeau de paille, le <em>satroka<\/em>. <em>\u00ab&nbsp;Nous portons la robe des anges mais nous ne sommes pas parfaits&nbsp;\u00bb <\/em>pr\u00e9cise cependant Dada Rabetafika, le pasteur.<em> \u00ab&nbsp;Nous tendons vers un id\u00e9al qu\u2019aucun homme n\u2019atteindra jamais <\/em>\u00bb ajoute-t-il comme s\u2019il terminait son sermon dominical. <\/p>\n\n\n\n<p>Dimanche, nous poursuivons notre d\u00e9couverte de Soatanana en assistant \u00e0 la procession qui, \u00e0 travers les rues, am\u00e8ne les fid\u00e8les au temple.<\/p>\n\n\n\n<figure class=\"wp-block-image\"><img decoding=\"async\" src=\"http:\/\/mada-lepelletier.hautetfort.com\/media\/01\/01\/2726553474.JPG\" alt=\"P1060395.JPG\"\/><\/figure>\n\n\n\n<div class=\"wp-block-image\"><figure class=\"aligncenter is-resized\"><img loading=\"lazy\" decoding=\"async\" src=\"http:\/\/mada-lepelletier.hautetfort.com\/media\/00\/00\/3628315874.JPG\" alt=\"P1060397.JPG\" width=\"259\" height=\"464\"\/><\/figure><\/div>\n\n\n\n<figure class=\"wp-block-image is-resized\"><img loading=\"lazy\" decoding=\"async\" src=\"http:\/\/mada-lepelletier.hautetfort.com\/media\/00\/01\/2102108532.JPG\" alt=\"P1060404.JPG\" width=\"455\" height=\"254\"\/><\/figure>\n\n\n\n<p> Nous participons \u00e0 l\u2019office, toujours accompagn\u00e9s par Mme Jeanne qui nous explique ce qui se passe et nous lit les textes du jour en fran\u00e7ais &#8211; elle a avec elle, un petit cahier dans lequel se trouve la traduction des textes qui sont lus dimanche apr\u00e8s dimanche \u2026. J\u2019ai beaucoup appr\u00e9ci\u00e9 ce geste qui a \u00e9t\u00e9 pr\u00e9sent\u00e9 en toute simplicit\u00e9, et que nous avons v\u00e9cu comme un partage de ce qui les fait vivre. <\/p>\n\n\n\n<div class=\"wp-block-image\"><figure class=\"aligncenter\"><img decoding=\"async\" src=\"http:\/\/mada-lepelletier.hautetfort.com\/media\/02\/01\/3217290719.JPG\" alt=\"P1060422.JPG\"\/><\/figure><\/div>\n\n\n\n<p> Apr\u00e8s un repas offert par la communaut\u00e9 et agr\u00e9ment\u00e9 de chants, nous quittons nos h\u00f4tes et reprenons la direction de Fianarantsoa. Les 40 kms de route d\u00e9fonc\u00e9e nous font bien vite regrett\u00e9 de n\u2019avoir pas pu rentrer \u00e0 pieds\u00a0!&#8230; heureusement, le partage et l\u2019accueil que nous venons de vivre, sont bien pr\u00e9sents dans nos esprits et ils nous font oublier les \u00ab\u00a0d\u00e9lices des trous de z\u00e9bus\u00a0\u00bb de la route\u00a0!\u00a0 <\/p>\n\n\n\n<figure class=\"wp-block-image\"><img decoding=\"async\" src=\"http:\/\/mada-lepelletier.hautetfort.com\/media\/01\/00\/1956587130.JPG\" alt=\"P1060432.JPG\"\/><\/figure>\n","protected":false},"excerpt":{"rendered":"<p>Ce week end nous partons avec l\u2019\u00e9quipe de Madtrekking pour tester une balade vers SOATANANA. Christian a piqu\u00e9 notre curiosot\u00e9 en nous proposant cette marche car Soatanana est un village dont nous avons d\u00e9j\u00e0 entendu parler mais que nous n\u2019avons&hellip; <\/p>\n","protected":false},"author":1,"featured_media":0,"comment_status":"open","ping_status":"open","sticky":false,"template":"","format":"standard","meta":{"footnotes":""},"categories":[9,15,28,14],"tags":[],"class_list":["post-1227","post","type-post","status-publish","format-standard","hentry","category-9","category-balades-a-fianarantsoa-et-autour","category-fianar","category-tourisme-a-madagascar"],"_links":{"self":[{"href":"https:\/\/lepelletier.fr\/blog\/index.php\/wp-json\/wp\/v2\/posts\/1227","targetHints":{"allow":["GET"]}}],"collection":[{"href":"https:\/\/lepelletier.fr\/blog\/index.php\/wp-json\/wp\/v2\/posts"}],"about":[{"href":"https:\/\/lepelletier.fr\/blog\/index.php\/wp-json\/wp\/v2\/types\/post"}],"author":[{"embeddable":true,"href":"https:\/\/lepelletier.fr\/blog\/index.php\/wp-json\/wp\/v2\/users\/1"}],"replies":[{"embeddable":true,"href":"https:\/\/lepelletier.fr\/blog\/index.php\/wp-json\/wp\/v2\/comments?post=1227"}],"version-history":[{"count":1,"href":"https:\/\/lepelletier.fr\/blog\/index.php\/wp-json\/wp\/v2\/posts\/1227\/revisions"}],"predecessor-version":[{"id":1228,"href":"https:\/\/lepelletier.fr\/blog\/index.php\/wp-json\/wp\/v2\/posts\/1227\/revisions\/1228"}],"wp:attachment":[{"href":"https:\/\/lepelletier.fr\/blog\/index.php\/wp-json\/wp\/v2\/media?parent=1227"}],"wp:term":[{"taxonomy":"category","embeddable":true,"href":"https:\/\/lepelletier.fr\/blog\/index.php\/wp-json\/wp\/v2\/categories?post=1227"},{"taxonomy":"post_tag","embeddable":true,"href":"https:\/\/lepelletier.fr\/blog\/index.php\/wp-json\/wp\/v2\/tags?post=1227"}],"curies":[{"name":"wp","href":"https:\/\/api.w.org\/{rel}","templated":true}]}}