{"id":1233,"date":"2019-09-05T16:34:05","date_gmt":"2019-09-05T14:34:05","guid":{"rendered":"http:\/\/lepelletier.fr\/blog\/?p=1233"},"modified":"2019-09-05T16:34:07","modified_gmt":"2019-09-05T14:34:07","slug":"2015-la-fete-au-centre-pour-mal-voyants-ephata-a-fianarantsoa","status":"publish","type":"post","link":"https:\/\/lepelletier.fr\/blog\/index.php\/2019\/09\/05\/2015-la-fete-au-centre-pour-mal-voyants-ephata-a-fianarantsoa\/","title":{"rendered":"2015 La f\u00eate au centre pour mal-voyants EPHATA \u00e0 Fianarantsoa"},"content":{"rendered":"\n<p><\/p>\n\n\n\n<p>La congr\u00e9gation des Soeurs de Marie Immacul\u00e9e s&rsquo;occupe \u00e0 Fianarantsoa de l\u2019\u00e9ducation et de l\u2019accompagnement\u00a0 de Jeunes Aveugles, des Jeunes Sourds, des Adultes et des Surhandicap\u00e9s<\/p>\n\n\n\n<p>le 17 mai 2015 c&rsquo;est la f\u00eate annuelle de l&rsquo;\u00e9cole<\/p>\n\n\n\n<p>&nbsp;<a href=\"http:\/\/ecoleephatafianarantsoa.unblog.fr\" target=\"_blank\" rel=\"noreferrer noopener\">leur blog : <\/a><\/p>\n\n\n\n<figure class=\"wp-block-image\"><img decoding=\"async\" src=\"http:\/\/mada-lepelletier.hautetfort.com\/media\/02\/02\/3490409722.JPG\" alt=\"P1070031.JPG\"\/><\/figure>\n\n\n\n<figure class=\"wp-block-image\"><img loading=\"lazy\" decoding=\"async\" width=\"492\" height=\"422\" src=\"http:\/\/lepelletier.fr\/blog\/wp-content\/uploads\/2019\/09\/image.png\" alt=\"\" class=\"wp-image-1234\" srcset=\"https:\/\/lepelletier.fr\/blog\/wp-content\/uploads\/2019\/09\/image.png 492w, https:\/\/lepelletier.fr\/blog\/wp-content\/uploads\/2019\/09\/image-300x257.png 300w\" sizes=\"auto, (max-width: 492px) 100vw, 492px\" \/><\/figure>\n\n\n\n<figure class=\"wp-block-image\"><img loading=\"lazy\" decoding=\"async\" width=\"497\" height=\"219\" src=\"http:\/\/lepelletier.fr\/blog\/wp-content\/uploads\/2019\/09\/image-1.png\" alt=\"\" class=\"wp-image-1235\" srcset=\"https:\/\/lepelletier.fr\/blog\/wp-content\/uploads\/2019\/09\/image-1.png 497w, https:\/\/lepelletier.fr\/blog\/wp-content\/uploads\/2019\/09\/image-1-300x132.png 300w\" sizes=\"auto, (max-width: 497px) 100vw, 497px\" \/><\/figure>\n","protected":false},"excerpt":{"rendered":"<p>La congr\u00e9gation des Soeurs de Marie Immacul\u00e9e s&rsquo;occupe \u00e0 Fianarantsoa de l\u2019\u00e9ducation et de l\u2019accompagnement\u00a0 de Jeunes Aveugles, des Jeunes Sourds, des Adultes et des Surhandicap\u00e9s le 17 mai 2015 c&rsquo;est la f\u00eate annuelle de l&rsquo;\u00e9cole &nbsp;leur blog :<\/p>\n","protected":false},"author":1,"featured_media":0,"comment_status":"open","ping_status":"open","sticky":false,"template":"","format":"standard","meta":{"footnotes":""},"categories":[9,16],"tags":[],"class_list":["post-1233","post","type-post","status-publish","format-standard","hentry","category-9","category-initiative-interessante"],"_links":{"self":[{"href":"https:\/\/lepelletier.fr\/blog\/index.php\/wp-json\/wp\/v2\/posts\/1233","targetHints":{"allow":["GET"]}}],"collection":[{"href":"https:\/\/lepelletier.fr\/blog\/index.php\/wp-json\/wp\/v2\/posts"}],"about":[{"href":"https:\/\/lepelletier.fr\/blog\/index.php\/wp-json\/wp\/v2\/types\/post"}],"author":[{"embeddable":true,"href":"https:\/\/lepelletier.fr\/blog\/index.php\/wp-json\/wp\/v2\/users\/1"}],"replies":[{"embeddable":true,"href":"https:\/\/lepelletier.fr\/blog\/index.php\/wp-json\/wp\/v2\/comments?post=1233"}],"version-history":[{"count":1,"href":"https:\/\/lepelletier.fr\/blog\/index.php\/wp-json\/wp\/v2\/posts\/1233\/revisions"}],"predecessor-version":[{"id":1236,"href":"https:\/\/lepelletier.fr\/blog\/index.php\/wp-json\/wp\/v2\/posts\/1233\/revisions\/1236"}],"wp:attachment":[{"href":"https:\/\/lepelletier.fr\/blog\/index.php\/wp-json\/wp\/v2\/media?parent=1233"}],"wp:term":[{"taxonomy":"category","embeddable":true,"href":"https:\/\/lepelletier.fr\/blog\/index.php\/wp-json\/wp\/v2\/categories?post=1233"},{"taxonomy":"post_tag","embeddable":true,"href":"https:\/\/lepelletier.fr\/blog\/index.php\/wp-json\/wp\/v2\/tags?post=1233"}],"curies":[{"name":"wp","href":"https:\/\/api.w.org\/{rel}","templated":true}]}}