{"id":1283,"date":"2019-09-05T17:56:25","date_gmt":"2019-09-05T15:56:25","guid":{"rendered":"http:\/\/lepelletier.fr\/blog\/?p=1283"},"modified":"2020-05-12T17:55:15","modified_gmt":"2020-05-12T15:55:15","slug":"2016-une-nouvelle-randonnee-dans-landringitra","status":"publish","type":"post","link":"https:\/\/lepelletier.fr\/blog\/index.php\/2019\/09\/05\/2016-une-nouvelle-randonnee-dans-landringitra\/","title":{"rendered":"2016 Une nouvelle randonn\u00e9e dans l&rsquo;Andringitra"},"content":{"rendered":"\n<p>En mai 2016 nous avons fait une nouvelle randonn\u00e9e de 4 jours dans le massif de l&rsquo;Andringitra, au d\u00e9part du parc d&rsquo;Anja:<\/p>\n\n\n\n<figure class=\"wp-block-image is-resized\"><img loading=\"lazy\" decoding=\"async\" src=\"http:\/\/mada-lepelletier.hautetfort.com\/media\/01\/01\/3011196426.JPG\" alt=\"rando mai 2016 .JPG\" width=\"583\" height=\"293\"\/><\/figure>\n\n\n\n<p>D\u00e9part :<\/p>\n\n\n\n<div class=\"wp-block-image\"><figure class=\"aligncenter is-resized\"><img loading=\"lazy\" decoding=\"async\" src=\"http:\/\/mada-lepelletier.hautetfort.com\/media\/00\/01\/1640023927.JPG\" alt=\"CIMG0019.JPG\" width=\"411\" height=\"308\"\/><\/figure><\/div>\n\n\n\n<div class=\"wp-block-image\"><figure class=\"aligncenter is-resized\"><img loading=\"lazy\" decoding=\"async\" src=\"http:\/\/lepelletier.fr\/blog\/wp-content\/uploads\/2019\/09\/image-18.png\" alt=\"\" class=\"wp-image-1284\" width=\"555\" height=\"481\" srcset=\"https:\/\/lepelletier.fr\/blog\/wp-content\/uploads\/2019\/09\/image-18.png 442w, https:\/\/lepelletier.fr\/blog\/wp-content\/uploads\/2019\/09\/image-18-300x260.png 300w\" sizes=\"auto, (max-width: 555px) 100vw, 555px\" \/><\/figure><\/div>\n\n\n\n<p>Le paysage<\/p>\n\n\n\n<figure class=\"wp-block-image\"><img decoding=\"async\" src=\"http:\/\/mada-lepelletier.hautetfort.com\/media\/01\/02\/2915434845.JPG\" alt=\"P1090710.JPG\"\/><\/figure>\n\n\n\n<figure class=\"wp-block-image\"><img decoding=\"async\" src=\"http:\/\/mada-lepelletier.hautetfort.com\/media\/01\/02\/641864066.JPG\" alt=\"P1090729.JPG\"\/><\/figure>\n\n\n\n<figure class=\"wp-block-image\"><img decoding=\"async\" src=\"http:\/\/mada-lepelletier.hautetfort.com\/media\/01\/01\/911688523.JPG\" alt=\"P1090750.JPG\"\/><\/figure>\n\n\n\n<figure class=\"wp-block-image\"><img decoding=\"async\" src=\"http:\/\/mada-lepelletier.hautetfort.com\/media\/01\/02\/3285706123.JPG\" alt=\"P1090754.JPG\"\/><\/figure>\n\n\n\n<figure class=\"wp-block-image\"><img decoding=\"async\" src=\"http:\/\/mada-lepelletier.hautetfort.com\/media\/02\/02\/1378778182.JPG\" alt=\"P1090737.JPG\"\/><\/figure>\n\n\n\n<p>un village travers\u00e9<\/p>\n\n\n\n<figure class=\"wp-block-image\"><img decoding=\"async\" src=\"http:\/\/mada-lepelletier.hautetfort.com\/media\/02\/01\/1705045567.JPG\" alt=\"P1090654.JPG\"\/><\/figure>\n","protected":false},"excerpt":{"rendered":"<p>En mai 2016 nous avons fait une nouvelle randonn\u00e9e de 4 jours dans le massif de l&rsquo;Andringitra, au d\u00e9part du parc d&rsquo;Anja: D\u00e9part : Le paysage un village travers\u00e9<\/p>\n","protected":false},"author":1,"featured_media":0,"comment_status":"open","ping_status":"open","sticky":false,"template":"","format":"standard","meta":{"footnotes":""},"categories":[10,29,14],"tags":[],"class_list":["post-1283","post","type-post","status-publish","format-standard","hentry","category-10","category-centre","category-tourisme-a-madagascar"],"_links":{"self":[{"href":"https:\/\/lepelletier.fr\/blog\/index.php\/wp-json\/wp\/v2\/posts\/1283","targetHints":{"allow":["GET"]}}],"collection":[{"href":"https:\/\/lepelletier.fr\/blog\/index.php\/wp-json\/wp\/v2\/posts"}],"about":[{"href":"https:\/\/lepelletier.fr\/blog\/index.php\/wp-json\/wp\/v2\/types\/post"}],"author":[{"embeddable":true,"href":"https:\/\/lepelletier.fr\/blog\/index.php\/wp-json\/wp\/v2\/users\/1"}],"replies":[{"embeddable":true,"href":"https:\/\/lepelletier.fr\/blog\/index.php\/wp-json\/wp\/v2\/comments?post=1283"}],"version-history":[{"count":1,"href":"https:\/\/lepelletier.fr\/blog\/index.php\/wp-json\/wp\/v2\/posts\/1283\/revisions"}],"predecessor-version":[{"id":1285,"href":"https:\/\/lepelletier.fr\/blog\/index.php\/wp-json\/wp\/v2\/posts\/1283\/revisions\/1285"}],"wp:attachment":[{"href":"https:\/\/lepelletier.fr\/blog\/index.php\/wp-json\/wp\/v2\/media?parent=1283"}],"wp:term":[{"taxonomy":"category","embeddable":true,"href":"https:\/\/lepelletier.fr\/blog\/index.php\/wp-json\/wp\/v2\/categories?post=1283"},{"taxonomy":"post_tag","embeddable":true,"href":"https:\/\/lepelletier.fr\/blog\/index.php\/wp-json\/wp\/v2\/tags?post=1283"}],"curies":[{"name":"wp","href":"https:\/\/api.w.org\/{rel}","templated":true}]}}