{"id":1290,"date":"2019-09-05T18:28:24","date_gmt":"2019-09-05T16:28:24","guid":{"rendered":"http:\/\/lepelletier.fr\/blog\/?p=1290"},"modified":"2020-05-08T12:41:29","modified_gmt":"2020-05-08T10:41:29","slug":"sugestion-de-visites-a-fianarantsoa","status":"publish","type":"post","link":"https:\/\/lepelletier.fr\/blog\/index.php\/2019\/09\/05\/sugestion-de-visites-a-fianarantsoa\/","title":{"rendered":"Sugestion de visites \u00e0 fianarantsoa"},"content":{"rendered":"\n<p><strong>f<mark>abrique d&rsquo;huile d&rsquo;arachide \u00e0 Fianarantsoa en juin 2016<\/mark><\/strong><\/p>\n\n\n\n<figure class=\"wp-block-image\"><img decoding=\"async\" src=\"http:\/\/size.blogspirit.net\/hautetfort.com\/mada-lepelletier\/628\/media\/01\/01\/919675737.JPG\" alt=\"\"\/><\/figure>\n\n\n\n<p>Nous avons d\u00e9couvert cette fabrique<\/p>\n\n\n\n<figure class=\"wp-block-image\"><img decoding=\"async\" src=\"http:\/\/mada-lepelletier.hautetfort.com\/media\/02\/01\/3998540882.JPG\" alt=\"les archides sont tri\u00e9es.JPG\"\/><\/figure>\n\n\n\n<p>les arachides sont tri\u00e9es<\/p>\n\n\n\n<figure class=\"wp-block-image\"><img decoding=\"async\" src=\"http:\/\/mada-lepelletier.hautetfort.com\/media\/01\/01\/3221535087.JPG\" alt=\"les arachides sont broy\u00e9es.JPG\"\/><\/figure>\n\n\n\n<p>d\u00e9cortiqu\u00e9es<\/p>\n\n\n\n<figure class=\"wp-block-image\"><img decoding=\"async\" src=\"http:\/\/mada-lepelletier.hautetfort.com\/media\/01\/02\/3455957821.JPG\" alt=\"P1090609.JPG\"\/><\/figure>\n\n\n\n<p><strong><mark>Visite du jardin Anosikely \u00e0 Fianarantsoa en juin 2016<\/mark><\/strong><\/p>\n\n\n\n<figure class=\"wp-block-image\"><img decoding=\"async\" src=\"http:\/\/mada-lepelletier.hautetfort.com\/media\/00\/00\/3649695264.jpg\" alt=\"Anosikely 29092012146.jpg\"\/><\/figure>\n\n\n\n<figure class=\"wp-block-image\"><img decoding=\"async\" src=\"http:\/\/mada-lepelletier.hautetfort.com\/media\/01\/00\/1723420737.jpg\" alt=\"Anosikely 29092012148.jpg\"\/><\/figure>\n\n\n\n<figure class=\"wp-block-image\"><img decoding=\"async\" src=\"http:\/\/mada-lepelletier.hautetfort.com\/media\/02\/01\/2806697800.JPG\" alt=\"P1080930.JPG\"\/><\/figure>\n\n\n\n<div class=\"wp-block-image\"><figure class=\"alignleft\"><img decoding=\"async\" src=\"http:\/\/mada-lepelletier.hautetfort.com\/media\/01\/00\/3773478296.JPG\" alt=\"P1080933.JPG\"\/><\/figure><\/div>\n\n\n\n<div class=\"wp-block-image\"><figure class=\"alignright\"><img decoding=\"async\" src=\"http:\/\/mada-lepelletier.hautetfort.com\/media\/01\/00\/1873428536.JPG\" alt=\"P1080935.JPG\"\/><\/figure><\/div>\n\n\n\n<figure class=\"wp-block-image\"><img decoding=\"async\" src=\"http:\/\/mada-lepelletier.hautetfort.com\/media\/01\/00\/141501408.JPG\" alt=\"P1080947.JPG\"\/><\/figure>\n\n\n\n<figure class=\"wp-block-image\"><img decoding=\"async\" src=\"http:\/\/mada-lepelletier.hautetfort.com\/media\/01\/02\/29074670.JPG\" alt=\"P1080971.JPG\"\/><\/figure>\n\n\n\n<p><strong><mark>petite balade au sud de Fianarantsoa <\/mark><\/strong><\/p>\n\n\n\n<p>L&rsquo;office du tourisme de Fianarantsoa a organis\u00e9 une balade sur la journ\u00e9e dans la campagne au sud de la ville. Cette petite randonn\u00e9e permet d&rsquo;admirer le paysage autour de la ville.<\/p>\n\n\n\n<p>et de d\u00e9couvrir un village typique Betsileo caract\u00e9ristique des hauts plateaux.<\/p>\n\n\n\n<figure class=\"wp-block-image\"><img loading=\"lazy\" decoding=\"async\" width=\"443\" height=\"357\" src=\"http:\/\/lepelletier.fr\/blog\/wp-content\/uploads\/2019\/09\/image-19.png\" alt=\"\" class=\"wp-image-1291\" srcset=\"https:\/\/lepelletier.fr\/blog\/wp-content\/uploads\/2019\/09\/image-19.png 443w, https:\/\/lepelletier.fr\/blog\/wp-content\/uploads\/2019\/09\/image-19-300x242.png 300w\" sizes=\"auto, (max-width: 443px) 100vw, 443px\" \/><\/figure>\n\n\n\n<figure class=\"wp-block-image\"><img loading=\"lazy\" decoding=\"async\" width=\"445\" height=\"539\" src=\"http:\/\/lepelletier.fr\/blog\/wp-content\/uploads\/2019\/09\/image-20.png\" alt=\"\" class=\"wp-image-1292\" srcset=\"https:\/\/lepelletier.fr\/blog\/wp-content\/uploads\/2019\/09\/image-20.png 445w, https:\/\/lepelletier.fr\/blog\/wp-content\/uploads\/2019\/09\/image-20-248x300.png 248w\" sizes=\"auto, (max-width: 445px) 100vw, 445px\" \/><\/figure>\n\n\n\n<figure class=\"wp-block-image\"><img loading=\"lazy\" decoding=\"async\" width=\"440\" height=\"190\" src=\"http:\/\/lepelletier.fr\/blog\/wp-content\/uploads\/2019\/09\/image-21.png\" alt=\"\" class=\"wp-image-1293\" srcset=\"https:\/\/lepelletier.fr\/blog\/wp-content\/uploads\/2019\/09\/image-21.png 440w, https:\/\/lepelletier.fr\/blog\/wp-content\/uploads\/2019\/09\/image-21-300x130.png 300w\" sizes=\"auto, (max-width: 440px) 100vw, 440px\" \/><\/figure>\n\n\n\n<p><mark>I<\/mark><strong><mark>nvasion de sauterelles \u00e0 Fianar<\/mark><\/strong><\/p>\n\n\n\n<p>Inhabituel \u00e0 Fianar, des miliards de sauterelles ont transit\u00e9 dans le ciel de Fianarantsoa Un nuage noir est venu obscursir le ciel en plein apr\u00e8s midi. Une partie de celui-ci a \u00e9t\u00e9 pouss\u00e9 par le vent en direction du sud en suivant la vall\u00e9e. Une autre partie a \u00e9t\u00e9 bloqu\u00e9e par la colline de la vieille ville au dessus de Fianarantsoa. Les sauterelles se sont partiellement pos\u00e9es dans la ville et ont pass\u00e9 la nuit sur le terrain de sport situ\u00e9 au centre. Une grande effervescence a r\u00e9gn\u00e9 dans la ville, car beaucoup d&rsquo;habitants ont ramass\u00e9 le repas du soir (des prot\u00e9\u00efnes gratuites !!) Dans la campagne environnante, c&rsquo;\u00e9tait moins joyeux car le riz qui n&rsquo;avait pas encore \u00e9t\u00e9 ramass\u00e9 a \u00e9t\u00e9 d\u00e9vor\u00e9 par les insectes.<\/p>\n\n\n\n<figure class=\"wp-block-image\"><img loading=\"lazy\" decoding=\"async\" width=\"513\" height=\"396\" src=\"http:\/\/lepelletier.fr\/blog\/wp-content\/uploads\/2019\/09\/image-22.png\" alt=\"\" class=\"wp-image-1294\" srcset=\"https:\/\/lepelletier.fr\/blog\/wp-content\/uploads\/2019\/09\/image-22.png 513w, https:\/\/lepelletier.fr\/blog\/wp-content\/uploads\/2019\/09\/image-22-300x232.png 300w\" sizes=\"auto, (max-width: 513px) 100vw, 513px\" \/><\/figure>\n\n\n\n<figure class=\"wp-block-image\"><img loading=\"lazy\" decoding=\"async\" width=\"511\" height=\"255\" src=\"http:\/\/lepelletier.fr\/blog\/wp-content\/uploads\/2019\/09\/image-23.png\" alt=\"\" class=\"wp-image-1295\" srcset=\"https:\/\/lepelletier.fr\/blog\/wp-content\/uploads\/2019\/09\/image-23.png 511w, https:\/\/lepelletier.fr\/blog\/wp-content\/uploads\/2019\/09\/image-23-300x150.png 300w\" sizes=\"auto, (max-width: 511px) 100vw, 511px\" \/><\/figure>\n\n\n\n<p><strong><mark>Chez les parents de notre amie Scholastique<\/mark><\/strong><\/p>\n\n\n\n<figure class=\"wp-block-image\"><img decoding=\"async\" src=\"http:\/\/mada-lepelletier.hautetfort.com\/media\/02\/02\/1618622990.JPG\" alt=\"P1090422.JPG\"\/><\/figure>\n\n\n\n<p>Nous sommes invit\u00e9s \u00e0 passer la soir\u00e9e et la nuit chez les parents de Scholastique, notre amie brodeuse. C&rsquo;est \u00e0 15 km au nord de Fianarantsoa en brousse, 1 h 30 de 4&#215;4 et 15 minutes de marche.<\/p>\n\n\n\n<p>Nous d\u00e9couvrons une vall\u00e9e magnifique, les rizi\u00e8res au fond et les villages sur les flancs.<\/p>\n\n\n\n<p>Un accueil inoubliable, des gens simples et relativement pauvres mais qui vous offrent une hospitalit\u00e9 qu&rsquo;on a peine \u00e0 imaginer.<\/p>\n\n\n\n<div class=\"wp-block-image\"><figure class=\"aligncenter is-resized\"><img loading=\"lazy\" decoding=\"async\" src=\"http:\/\/mada-lepelletier.hautetfort.com\/media\/02\/02\/2828711294.JPG\" alt=\"P1090427.JPG\" width=\"396\" height=\"223\"\/><\/figure><\/div>\n\n\n\n<div class=\"wp-block-image\"><figure class=\"aligncenter is-resized\"><img loading=\"lazy\" decoding=\"async\" src=\"http:\/\/mada-lepelletier.hautetfort.com\/media\/02\/01\/3968242555.JPG\" alt=\"P1090431.JPG\" width=\"399\" height=\"224\"\/><\/figure><\/div>\n\n\n\n<div class=\"wp-block-image\"><figure class=\"aligncenter is-resized\"><img loading=\"lazy\" decoding=\"async\" src=\"http:\/\/mada-lepelletier.hautetfort.com\/media\/01\/01\/4166460621.JPG\" alt=\"P1090477.JPG\" width=\"401\" height=\"226\"\/><\/figure><\/div>\n\n\n\n<p><strong><mark>Matin\u00e9e de f\u00eate \u00e0 Ankazondrano, la prison de Fianarantsoa<\/mark><\/strong><\/p>\n\n\n\n<p> Lorsque Mme Hanitra, vice pr\u00e9sidente des Parents d\u2019\u00e9l\u00e8ves du coll\u00e8ge KMM et aussi, Directrice R\u00e9gionale des Etablissements P\u00e9nitentiaires, a appris que Claudie avait travaill\u00e9 \u00e0 Ankazondrano cette ann\u00e9e et que nous avions des cadeaux \u00e0 offrir pour les d\u00e9tenus, elle a tenu \u00e0 organiser une remise officielle \u2013 ayant eu quelques soucis de livraison des baby-foot, la c\u00e9l\u00e9bration a \u00e9t\u00e9 repouss\u00e9e mais pas annul\u00e9e&nbsp;!&#8230; et nous voil\u00e0 \u00e0 la veille de notre d\u00e9part, invit\u00e9s d\u2019honneur de la prison de Fianar.<\/p>\n\n\n\n<p>A notre arriv\u00e9e, nous sommes surpris de d\u00e9couvrir que c\u2019est une vraie \u00abr\u00e9ception\u00bb qui a \u00e9t\u00e9 organis\u00e9e&nbsp;: un beau buffet est install\u00e9 dans le grand hall (qui est en r\u00e9alit\u00e9 la chapelle) et toutes les personnes que nous croisons, sont bien habill\u00e9es \u2013 nous croisons m\u00eame quelques jeunes d\u00e9tenus mineurs qui sont encore entrain de chercher comment \u00eatre vraiment pr\u00e9sentables. Nous sommes surpris et, il faut l\u2019avouer, pas vraiment \u00e0 notre aise\u2026 cela ne s\u2019est pas arrang\u00e9 lorsque nous nous sommes aper\u00e7u que des journalistes avaient eux aussi, \u00e9t\u00e9 invit\u00e9s&nbsp; &#8211; ce qui s\u2019est v\u00e9rifi\u00e9 dans la journ\u00e9e, par les interpellations de nos amis qui ont entendu parler de nous et de cette r\u00e9ception, \u00e0 la radio, nous \u00e9tions devenus de vraies c\u00e9l\u00e9brit\u00e9s \u2026.<\/p>\n\n\n\n<p>&nbsp;La c\u00e9r\u00e9monie commence avec les discours des diff\u00e9rents responsables et Claudie, \u00e0 son tour, est amen\u00e9e \u00e0 s\u2019adresser \u00e0 tous en pr\u00e9sentant son intervention aupr\u00e8s des femmes d\u00e9tenues \u00e0 c\u00f4t\u00e9 de l\u2019\u00e9quipe des La\u00efcs Trinitaires et surtout pour pr\u00e9senter le r\u00e9sultat des actions des enfants du Coll\u00e8ge de la Sainte Famille de St Etienne&nbsp; &#8211;&nbsp; <em>apr\u00e8s une ann\u00e9e de vie \u00e0 Mada, on finit par s\u2019habituer aux discours&nbsp;! mais quand m\u00eame ce n\u2019est pas facile devant une telle assembl\u00e9e constitu\u00e9e de diff\u00e9rents responsables&nbsp; et de d\u00e9tenus, il m\u2019a fallu faire attention \u00e0 ce que je disais \u2026<\/em> <\/p>\n\n\n\n<p>&nbsp; Puis un homme et une femme d\u00e9tenus prennent \u00e0 leur tour la parole et nous remettent un petit cadeau mais les propos tenus et l\u2019\u00e9motion de la jeune femme (que Claudie connaissait) nous ont beaucoup touch\u00e9s et les occupations qui ont suivi cette matin\u00e9e, ne sont pas la seule excuse du retard pris pour la r\u00e9daction de ce texte&nbsp;: il nous a fallu du temps pour dig\u00e9rer toute cette \u00e9motion et pouvoir en parler.<\/p>\n\n\n\n<p>De la musique, des chants et un cocktail ont ensuite accompagn\u00e9 la d\u00e9couverte des cadeaux\u00a0: bandes dessin\u00e9es et livres pour la biblioth\u00e8que, guitares, banjos et petits tambours, ballons et 3 baby-foot (qui arriveront dans la semaine qui suit)<\/p>\n\n\n\n<p><strong>DECOUVERTE DE FIANARANTSOA <\/strong><\/p>\n\n\n\n<p>Fianarantsoa est une ville de province relativement calme, on s&rsquo;y sent bien et en s\u00e9curit\u00e9, les gens sont affables avec nous. Toutefois on ne \u00ab&nbsp;tente pas le diable&nbsp;\u00bb et on \u00e9vite de se promener \u00e0 pieds le soir \u2026<\/p>\n\n\n\n<figure class=\"wp-block-image\"><img decoding=\"async\" src=\"http:\/\/mada-lepelletier.hautetfort.com\/media\/02\/01\/163062199.JPG\" alt=\"\u00e0 l'ext.du stade....JPG\"\/><\/figure>\n\n\n\n<p>La ville est tr\u00e8s anim\u00e9e par une population qui se d\u00e9place \u00e0 pieds ou en taxi-bus. La circulation automobile n&rsquo;est pas tr\u00e8s importante, ce qui limite la pollution et rend supportable la vie m\u00eame en ville.<\/p>\n\n\n\n<p>Nous rencontrons beaucoup de gens et notamment beaucoup de religieux, la difficult\u00e9 est de retenir qui ils sont, de quelle congr\u00e9gation ils font partie, et ce qu&rsquo;ils font. Alors on note, Claudie a toujours son petit carnet et on g\u00e8re un carnet de t\u00e9l\u00e9phones qui grossit de jour en jour.<\/p>\n\n\n\n<p>Dimanche 31 octobre on a fait une balade dans les rizi\u00e8res situ\u00e9es en pleine ville, dans des chemins reliant les quartiers ( seule l&rsquo;art\u00e8re principale est goudronn\u00e9e ).<\/p>\n\n\n\n<figure class=\"wp-block-image\"><img decoding=\"async\" src=\"http:\/\/mada-lepelletier.hautetfort.com\/media\/02\/00\/706020499.jpg\" alt=\"P1000285.jpg\"\/><\/figure>\n","protected":false},"excerpt":{"rendered":"<p>fabrique d&rsquo;huile d&rsquo;arachide \u00e0 Fianarantsoa en juin 2016 Nous avons d\u00e9couvert cette fabrique les arachides sont tri\u00e9es d\u00e9cortiqu\u00e9es Visite du jardin Anosikely \u00e0 Fianarantsoa en juin 2016 petite balade au sud de Fianarantsoa L&rsquo;office du tourisme de Fianarantsoa a organis\u00e9&hellip; <\/p>\n","protected":false},"author":1,"featured_media":0,"comment_status":"closed","ping_status":"closed","sticky":false,"template":"","format":"standard","meta":{"footnotes":""},"categories":[10,15,28,14],"tags":[],"class_list":["post-1290","post","type-post","status-publish","format-standard","hentry","category-10","category-balades-a-fianarantsoa-et-autour","category-fianar","category-tourisme-a-madagascar"],"_links":{"self":[{"href":"https:\/\/lepelletier.fr\/blog\/index.php\/wp-json\/wp\/v2\/posts\/1290","targetHints":{"allow":["GET"]}}],"collection":[{"href":"https:\/\/lepelletier.fr\/blog\/index.php\/wp-json\/wp\/v2\/posts"}],"about":[{"href":"https:\/\/lepelletier.fr\/blog\/index.php\/wp-json\/wp\/v2\/types\/post"}],"author":[{"embeddable":true,"href":"https:\/\/lepelletier.fr\/blog\/index.php\/wp-json\/wp\/v2\/users\/1"}],"replies":[{"embeddable":true,"href":"https:\/\/lepelletier.fr\/blog\/index.php\/wp-json\/wp\/v2\/comments?post=1290"}],"version-history":[{"count":1,"href":"https:\/\/lepelletier.fr\/blog\/index.php\/wp-json\/wp\/v2\/posts\/1290\/revisions"}],"predecessor-version":[{"id":1296,"href":"https:\/\/lepelletier.fr\/blog\/index.php\/wp-json\/wp\/v2\/posts\/1290\/revisions\/1296"}],"wp:attachment":[{"href":"https:\/\/lepelletier.fr\/blog\/index.php\/wp-json\/wp\/v2\/media?parent=1290"}],"wp:term":[{"taxonomy":"category","embeddable":true,"href":"https:\/\/lepelletier.fr\/blog\/index.php\/wp-json\/wp\/v2\/categories?post=1290"},{"taxonomy":"post_tag","embeddable":true,"href":"https:\/\/lepelletier.fr\/blog\/index.php\/wp-json\/wp\/v2\/tags?post=1290"}],"curies":[{"name":"wp","href":"https:\/\/api.w.org\/{rel}","templated":true}]}}