{"id":1299,"date":"2019-09-05T18:40:57","date_gmt":"2019-09-05T16:40:57","guid":{"rendered":"http:\/\/lepelletier.fr\/blog\/?p=1299"},"modified":"2020-05-08T12:40:19","modified_gmt":"2020-05-08T10:40:19","slug":"une-rando-dans-la-vallee-zafimaniry","status":"publish","type":"post","link":"https:\/\/lepelletier.fr\/blog\/index.php\/2019\/09\/05\/une-rando-dans-la-vallee-zafimaniry\/","title":{"rendered":"une rando dans la vall\u00e9e zafimaniry"},"content":{"rendered":"\n<p>nous effectuons une randonn\u00e9e \u00e0 pieds dans la vall\u00e9e de Zafimanira, au sud est de la ville d&rsquo;Ambositra.<\/p>\n\n\n\n<p>Nous passons la nuit \u00ab\u00a0sous le soleil de mada\u00a0\u00bb en 4&#215;4 nous nous rendons le matin \u00e0 Antoetra<\/p>\n\n\n\n<p>rando Premier jour:&nbsp; Antoetra&nbsp; &#8211; Sakaivo<\/p>\n\n\n\n<p>rando Second jour :&nbsp; Sakaivo &#8211; tetezandrota &#8211; faliarivo<\/p>\n\n\n\n<p>rando 3\u00e8me jour : Faliarivo Antoetra<\/p>\n\n\n\n<figure class=\"wp-block-image is-resized\"><img loading=\"lazy\" decoding=\"async\" src=\"http:\/\/mada-lepelletier.hautetfort.com\/media\/01\/00\/4079133285.JPG\" alt=\"camping milieu village.JPG\" width=\"324\" height=\"181\"\/><\/figure>\n\n\n\n<p>camping en plein centre du village<\/p>\n\n\n\n<p>40 km (3 jours)\u00a0 mont\u00e9es cumul\u00e9es 1600m<\/p>\n\n\n\n<div class=\"wp-block-image\"><figure class=\"aligncenter\"><img decoding=\"async\" src=\"http:\/\/mada-lepelletier.hautetfort.com\/media\/02\/00\/3049389696.jpg\" alt=\"trajet rando.jpg\"\/><\/figure><\/div>\n\n\n\n<div class=\"wp-block-image\"><figure class=\"aligncenter\"><img loading=\"lazy\" decoding=\"async\" width=\"444\" height=\"568\" src=\"http:\/\/lepelletier.fr\/blog\/wp-content\/uploads\/2019\/09\/image-24.png\" alt=\"\" class=\"wp-image-1300\" srcset=\"https:\/\/lepelletier.fr\/blog\/wp-content\/uploads\/2019\/09\/image-24.png 444w, https:\/\/lepelletier.fr\/blog\/wp-content\/uploads\/2019\/09\/image-24-235x300.png 235w\" sizes=\"auto, (max-width: 444px) 100vw, 444px\" \/><\/figure><\/div>\n\n\n\n<div class=\"wp-block-image\"><figure class=\"aligncenter\"><img loading=\"lazy\" decoding=\"async\" width=\"444\" height=\"563\" src=\"http:\/\/lepelletier.fr\/blog\/wp-content\/uploads\/2019\/09\/image-25.png\" alt=\"\" class=\"wp-image-1301\" srcset=\"https:\/\/lepelletier.fr\/blog\/wp-content\/uploads\/2019\/09\/image-25.png 444w, https:\/\/lepelletier.fr\/blog\/wp-content\/uploads\/2019\/09\/image-25-237x300.png 237w\" sizes=\"auto, (max-width: 444px) 100vw, 444px\" \/><\/figure><\/div>\n","protected":false},"excerpt":{"rendered":"<p>nous effectuons une randonn\u00e9e \u00e0 pieds dans la vall\u00e9e de Zafimanira, au sud est de la ville d&rsquo;Ambositra. Nous passons la nuit \u00ab\u00a0sous le soleil de mada\u00a0\u00bb en 4&#215;4 nous nous rendons le matin \u00e0 Antoetra rando Premier jour:&nbsp; Antoetra&nbsp;&hellip; <\/p>\n","protected":false},"author":1,"featured_media":0,"comment_status":"closed","ping_status":"closed","sticky":false,"template":"","format":"standard","meta":{"footnotes":""},"categories":[25,29,14],"tags":[],"class_list":["post-1299","post","type-post","status-publish","format-standard","hentry","category-artisanat","category-centre","category-tourisme-a-madagascar"],"_links":{"self":[{"href":"https:\/\/lepelletier.fr\/blog\/index.php\/wp-json\/wp\/v2\/posts\/1299","targetHints":{"allow":["GET"]}}],"collection":[{"href":"https:\/\/lepelletier.fr\/blog\/index.php\/wp-json\/wp\/v2\/posts"}],"about":[{"href":"https:\/\/lepelletier.fr\/blog\/index.php\/wp-json\/wp\/v2\/types\/post"}],"author":[{"embeddable":true,"href":"https:\/\/lepelletier.fr\/blog\/index.php\/wp-json\/wp\/v2\/users\/1"}],"replies":[{"embeddable":true,"href":"https:\/\/lepelletier.fr\/blog\/index.php\/wp-json\/wp\/v2\/comments?post=1299"}],"version-history":[{"count":1,"href":"https:\/\/lepelletier.fr\/blog\/index.php\/wp-json\/wp\/v2\/posts\/1299\/revisions"}],"predecessor-version":[{"id":1302,"href":"https:\/\/lepelletier.fr\/blog\/index.php\/wp-json\/wp\/v2\/posts\/1299\/revisions\/1302"}],"wp:attachment":[{"href":"https:\/\/lepelletier.fr\/blog\/index.php\/wp-json\/wp\/v2\/media?parent=1299"}],"wp:term":[{"taxonomy":"category","embeddable":true,"href":"https:\/\/lepelletier.fr\/blog\/index.php\/wp-json\/wp\/v2\/categories?post=1299"},{"taxonomy":"post_tag","embeddable":true,"href":"https:\/\/lepelletier.fr\/blog\/index.php\/wp-json\/wp\/v2\/tags?post=1299"}],"curies":[{"name":"wp","href":"https:\/\/api.w.org\/{rel}","templated":true}]}}