{"id":1319,"date":"2019-09-05T19:12:58","date_gmt":"2019-09-05T17:12:58","guid":{"rendered":"http:\/\/lepelletier.fr\/blog\/?p=1319"},"modified":"2020-05-08T12:39:21","modified_gmt":"2020-05-08T10:39:21","slug":"juin-2017-ballades-autour-de-fianarantsoa","status":"publish","type":"post","link":"https:\/\/lepelletier.fr\/blog\/index.php\/2019\/09\/05\/juin-2017-ballades-autour-de-fianarantsoa\/","title":{"rendered":"juin 2017 ballades autour de Fianarantsoa"},"content":{"rendered":"\n<p> \u00a0Nous participons \u00e0 une journ\u00e9e de ballade \u00e0  proximit\u00e9 de Fianarantsoa organis\u00e9e par l&rsquo;office du tourisme <\/p>\n\n\n\n<figure class=\"wp-block-image is-resized\"><img loading=\"lazy\" decoding=\"async\" src=\"http:\/\/lepelletier.fr\/blog\/wp-content\/uploads\/2019\/09\/image-28.png\" alt=\"\" class=\"wp-image-1320\" width=\"559\" height=\"381\" srcset=\"https:\/\/lepelletier.fr\/blog\/wp-content\/uploads\/2019\/09\/image-28.png 440w, https:\/\/lepelletier.fr\/blog\/wp-content\/uploads\/2019\/09\/image-28-300x205.png 300w\" sizes=\"auto, (max-width: 559px) 100vw, 559px\" \/><\/figure>\n\n\n\n<figure class=\"wp-block-image is-resized\"><img loading=\"lazy\" decoding=\"async\" src=\"http:\/\/lepelletier.fr\/blog\/wp-content\/uploads\/2019\/09\/image-29.png\" alt=\"\" class=\"wp-image-1321\" width=\"564\" height=\"405\" srcset=\"https:\/\/lepelletier.fr\/blog\/wp-content\/uploads\/2019\/09\/image-29.png 444w, https:\/\/lepelletier.fr\/blog\/wp-content\/uploads\/2019\/09\/image-29-300x216.png 300w\" sizes=\"auto, (max-width: 564px) 100vw, 564px\" \/><\/figure>\n\n\n\n<figure class=\"wp-block-image is-resized\"><img loading=\"lazy\" decoding=\"async\" src=\"http:\/\/lepelletier.fr\/blog\/wp-content\/uploads\/2019\/09\/image-30.png\" alt=\"\" class=\"wp-image-1322\" width=\"562\" height=\"392\" srcset=\"https:\/\/lepelletier.fr\/blog\/wp-content\/uploads\/2019\/09\/image-30.png 445w, https:\/\/lepelletier.fr\/blog\/wp-content\/uploads\/2019\/09\/image-30-300x209.png 300w\" sizes=\"auto, (max-width: 562px) 100vw, 562px\" \/><\/figure>\n","protected":false},"excerpt":{"rendered":"<p>\u00a0Nous participons \u00e0 une journ\u00e9e de ballade \u00e0 proximit\u00e9 de Fianarantsoa organis\u00e9e par l&rsquo;office du tourisme<\/p>\n","protected":false},"author":1,"featured_media":0,"comment_status":"closed","ping_status":"closed","sticky":false,"template":"","format":"standard","meta":{"footnotes":""},"categories":[11,15,28],"tags":[],"class_list":["post-1319","post","type-post","status-publish","format-standard","hentry","category-11","category-balades-a-fianarantsoa-et-autour","category-fianar"],"_links":{"self":[{"href":"https:\/\/lepelletier.fr\/blog\/index.php\/wp-json\/wp\/v2\/posts\/1319","targetHints":{"allow":["GET"]}}],"collection":[{"href":"https:\/\/lepelletier.fr\/blog\/index.php\/wp-json\/wp\/v2\/posts"}],"about":[{"href":"https:\/\/lepelletier.fr\/blog\/index.php\/wp-json\/wp\/v2\/types\/post"}],"author":[{"embeddable":true,"href":"https:\/\/lepelletier.fr\/blog\/index.php\/wp-json\/wp\/v2\/users\/1"}],"replies":[{"embeddable":true,"href":"https:\/\/lepelletier.fr\/blog\/index.php\/wp-json\/wp\/v2\/comments?post=1319"}],"version-history":[{"count":1,"href":"https:\/\/lepelletier.fr\/blog\/index.php\/wp-json\/wp\/v2\/posts\/1319\/revisions"}],"predecessor-version":[{"id":1323,"href":"https:\/\/lepelletier.fr\/blog\/index.php\/wp-json\/wp\/v2\/posts\/1319\/revisions\/1323"}],"wp:attachment":[{"href":"https:\/\/lepelletier.fr\/blog\/index.php\/wp-json\/wp\/v2\/media?parent=1319"}],"wp:term":[{"taxonomy":"category","embeddable":true,"href":"https:\/\/lepelletier.fr\/blog\/index.php\/wp-json\/wp\/v2\/categories?post=1319"},{"taxonomy":"post_tag","embeddable":true,"href":"https:\/\/lepelletier.fr\/blog\/index.php\/wp-json\/wp\/v2\/tags?post=1319"}],"curies":[{"name":"wp","href":"https:\/\/api.w.org\/{rel}","templated":true}]}}