{"id":1324,"date":"2019-09-05T19:16:47","date_gmt":"2019-09-05T17:16:47","guid":{"rendered":"http:\/\/lepelletier.fr\/blog\/?p=1324"},"modified":"2020-05-08T12:39:09","modified_gmt":"2020-05-08T10:39:09","slug":"2017-la-chasse-au-canard","status":"publish","type":"post","link":"https:\/\/lepelletier.fr\/blog\/index.php\/2019\/09\/05\/2017-la-chasse-au-canard\/","title":{"rendered":"2017 la chasse au canard"},"content":{"rendered":"\n<p>Pendant notre randonn\u00e9e du 25 au 28 mai 2017 dans la for\u00eat humide de la r\u00e9gion entre sambava et ranomafana \u00e0 quelques kilom\u00e8tres de Fianarantsoa nous avons v\u00e9cu un gag int\u00e9ressant:<\/p>\n\n\n\n<p>\u00ab\u00a0la chasse au canard\u00a0\u00bb&nbsp; Cela me fait penser au sketch de Robert Lamoureux <a href=\"https:\/\/www.youtube.com\/watch?v=lL3VPcJu5cE\">cliquez ici<\/a><\/p>\n\n\n\n<p>Pour le repas du soir au bord du lac les porteurs on achet\u00e9 un beau canard col vert. <br>Il lui ont attach\u00e9 les pattes, l&rsquo;on ramen\u00e9 et d\u00e9pos\u00e9 au bord du lac pendant que le feu se pr\u00e9pare.<\/p>\n\n\n\n<p>Mais mal attach\u00e9 ! Il s&rsquo;\u00e9vade et rejoint le lac. Grosse d\u00e9ception \u00e0 la cuisine<\/p>\n\n\n\n<figure class=\"wp-block-image\"><img decoding=\"async\" src=\"http:\/\/mada-lepelletier.hautetfort.com\/media\/00\/02\/2114496177.JPG\" alt=\"il s'est \u00e9chap\u00e9.JPG\"\/><\/figure>\n\n\n\n<p>il s&rsquo;est \u00e9chapp\u00e9!!!<\/p>\n\n\n\n<figure class=\"wp-block-image\"><img decoding=\"async\" src=\"http:\/\/mada-lepelletier.hautetfort.com\/media\/01\/01\/3473561166.JPG\" alt=\"il nous nargue.JPG\"\/><\/figure>\n\n\n\n<p>Il nous nargue !!<\/p>\n\n\n\n<p>On essaye de l&rsquo;attirer vers le bord mais on a l&rsquo;impression qu&rsquo;il se moque de nous<\/p>\n\n\n\n<figure class=\"wp-block-image\"><img decoding=\"async\" src=\"http:\/\/mada-lepelletier.hautetfort.com\/media\/00\/01\/3689119285.JPG\" alt=\"m aura pas.JPG\"\/><\/figure>\n\n\n\n<p>On ne m&rsquo;aura pas !!<\/p>\n\n\n\n<figure class=\"wp-block-image\"><img decoding=\"async\" src=\"http:\/\/mada-lepelletier.hautetfort.com\/media\/00\/00\/421477290.JPG\" alt=\"ou est il.JPG\"\/><\/figure>\n\n\n\n<p>o\u00f9 est il ?<\/p>\n\n\n\n<figure class=\"wp-block-image\"><img decoding=\"async\" src=\"http:\/\/mada-lepelletier.hautetfort.com\/media\/02\/00\/1582696302.JPG\" alt=\"la cuisine s impatiente.JPG\"\/><\/figure>\n\n\n\n<p>\u00e0 la cuisine on s&rsquo;impatiente<\/p>\n\n\n\n<figure class=\"wp-block-image\"><img decoding=\"async\" src=\"http:\/\/mada-lepelletier.hautetfort.com\/media\/02\/01\/186346990.JPG\" alt=\"on est bien dans l eau.JPG\"\/><\/figure>\n\n\n\n<p>Qu&rsquo;on est bien dans l&rsquo;eau !!<\/p>\n\n\n\n<p>Un porteur descend dans l&rsquo;eau et le chasse vers une berge en pente (abreuvoir des z\u00e9bus)<br><br><\/p>\n\n\n\n<figure class=\"wp-block-image\"><img decoding=\"async\" src=\"http:\/\/mada-lepelletier.hautetfort.com\/media\/01\/02\/4187222164.JPG\" alt=\"sur terre tu as pris un risque.JPG\"\/><\/figure>\n\n\n\n<p>Il remonte et signe alors son arr\u00eat de mort<\/p>\n\n\n\n<figure class=\"wp-block-image\"><img decoding=\"async\" src=\"http:\/\/mada-lepelletier.hautetfort.com\/media\/02\/01\/4248186598.JPG\" alt=\"on l a eu.JPG\"\/><\/figure>\n\n\n\n<p>On l&rsquo;a eu<\/p>\n\n\n\n<p>Il \u00e9tait tr\u00e8s bon<\/p>\n","protected":false},"excerpt":{"rendered":"<p>Pendant notre randonn\u00e9e du 25 au 28 mai 2017 dans la for\u00eat humide de la r\u00e9gion entre sambava et ranomafana \u00e0 quelques kilom\u00e8tres de Fianarantsoa nous avons v\u00e9cu un gag int\u00e9ressant: \u00ab\u00a0la chasse au canard\u00a0\u00bb&nbsp; Cela me fait penser au&hellip; <\/p>\n","protected":false},"author":1,"featured_media":0,"comment_status":"closed","ping_status":"closed","sticky":false,"template":"","format":"standard","meta":{"footnotes":""},"categories":[11,15,28],"tags":[],"class_list":["post-1324","post","type-post","status-publish","format-standard","hentry","category-11","category-balades-a-fianarantsoa-et-autour","category-fianar"],"_links":{"self":[{"href":"https:\/\/lepelletier.fr\/blog\/index.php\/wp-json\/wp\/v2\/posts\/1324","targetHints":{"allow":["GET"]}}],"collection":[{"href":"https:\/\/lepelletier.fr\/blog\/index.php\/wp-json\/wp\/v2\/posts"}],"about":[{"href":"https:\/\/lepelletier.fr\/blog\/index.php\/wp-json\/wp\/v2\/types\/post"}],"author":[{"embeddable":true,"href":"https:\/\/lepelletier.fr\/blog\/index.php\/wp-json\/wp\/v2\/users\/1"}],"replies":[{"embeddable":true,"href":"https:\/\/lepelletier.fr\/blog\/index.php\/wp-json\/wp\/v2\/comments?post=1324"}],"version-history":[{"count":1,"href":"https:\/\/lepelletier.fr\/blog\/index.php\/wp-json\/wp\/v2\/posts\/1324\/revisions"}],"predecessor-version":[{"id":1325,"href":"https:\/\/lepelletier.fr\/blog\/index.php\/wp-json\/wp\/v2\/posts\/1324\/revisions\/1325"}],"wp:attachment":[{"href":"https:\/\/lepelletier.fr\/blog\/index.php\/wp-json\/wp\/v2\/media?parent=1324"}],"wp:term":[{"taxonomy":"category","embeddable":true,"href":"https:\/\/lepelletier.fr\/blog\/index.php\/wp-json\/wp\/v2\/categories?post=1324"},{"taxonomy":"post_tag","embeddable":true,"href":"https:\/\/lepelletier.fr\/blog\/index.php\/wp-json\/wp\/v2\/tags?post=1324"}],"curies":[{"name":"wp","href":"https:\/\/api.w.org\/{rel}","templated":true}]}}